{"id":5595,"date":"2023-10-11T17:51:34","date_gmt":"2023-10-11T15:51:34","guid":{"rendered":"https:\/\/seninterim.sn\/?p=5595"},"modified":"2023-10-11T18:21:01","modified_gmt":"2023-10-11T16:21:01","slug":"la-sen-interim-au-salon-international-des-mines-sim-2023","status":"publish","type":"post","link":"https:\/\/seninterim.sn\/index.php\/2023\/10\/11\/la-sen-interim-au-salon-international-des-mines-sim-2023\/","title":{"rendered":"La SEN INTERIM au Salon International des Mines (SIM) 2023"},"content":{"rendered":"\n<p>La <strong>SEN INTERIM<\/strong> a particip\u00e9 en tant qu\u2019exposant \u00e0 la <strong>7\u00e8me \u00e9dition du Salon International des Mines (SIM) <\/strong>S\u00e9n\u00e9gal au Centre international de conf\u00e9rences Abdou Diouf (CICAD) \u00e0 Dakar du 3 au 5 octobre 2023.<\/p>\n\n\n\n<p>L&rsquo;\u00e9v\u00e9nement est organis\u00e9 par le Minist\u00e8re des Mines et de la G\u00e9ologie de la R\u00e9publique du S\u00e9n\u00e9gal en association avec AME Trade<\/p>\n\n\n\n<p>Le SIM 2023 a \u00e9t\u00e9 l&rsquo;occasion id\u00e9ale pour \u00e9changer avec des professionnels du secteur minier du monde entier et discuter des derni\u00e8res tendances et des enjeux de notre industrie.<\/p>\n\n\n\n<p><\/p>\n\n\n\n<div class=\"wp-block-columns is-layout-flex wp-container-core-columns-is-layout-9d6595d7 wp-block-columns-is-layout-flex\">\n<div class=\"wp-block-column is-layout-flow wp-block-column-is-layout-flow\" style=\"flex-basis:100%\">\n<figure class=\"wp-block-gallery has-nested-images columns-default is-cropped wp-block-gallery-1 is-layout-flex wp-block-gallery-is-layout-flex\">\n<figure class=\"wp-block-image size-large\"><img fetchpriority=\"high\" decoding=\"async\" width=\"1024\" height=\"768\" data-id=\"5600\" src=\"https:\/\/seninterim.sn\/wp-content\/uploads\/2023\/10\/IMG-20231010-WA0000-1024x768.jpg\" alt=\"\" class=\"wp-image-5600\" srcset=\"https:\/\/seninterim.sn\/wp-content\/uploads\/2023\/10\/IMG-20231010-WA0000-1024x768.jpg 1024w, https:\/\/seninterim.sn\/wp-content\/uploads\/2023\/10\/IMG-20231010-WA0000-300x225.jpg 300w, https:\/\/seninterim.sn\/wp-content\/uploads\/2023\/10\/IMG-20231010-WA0000-878x659.jpg 878w, https:\/\/seninterim.sn\/wp-content\/uploads\/2023\/10\/IMG-20231010-WA0000-323x242.jpg 323w, https:\/\/seninterim.sn\/wp-content\/uploads\/2023\/10\/IMG-20231010-WA0000-440x330.jpg 440w, https:\/\/seninterim.sn\/wp-content\/uploads\/2023\/10\/IMG-20231010-WA0000-675x506.jpg 675w, https:\/\/seninterim.sn\/wp-content\/uploads\/2023\/10\/IMG-20231010-WA0000.jpg 1280w\" sizes=\"(max-width: 1024px) 100vw, 1024px\" \/><\/figure>\n\n\n\n<figure class=\"wp-block-image size-large\"><img decoding=\"async\" width=\"768\" height=\"1024\" data-id=\"5602\" src=\"https:\/\/seninterim.sn\/wp-content\/uploads\/2023\/10\/IMG-20231010-WA0002-768x1024.jpg\" alt=\"\" class=\"wp-image-5602\" srcset=\"https:\/\/seninterim.sn\/wp-content\/uploads\/2023\/10\/IMG-20231010-WA0002-768x1024.jpg 768w, https:\/\/seninterim.sn\/wp-content\/uploads\/2023\/10\/IMG-20231010-WA0002-225x300.jpg 225w, https:\/\/seninterim.sn\/wp-content\/uploads\/2023\/10\/IMG-20231010-WA0002-878x1171.jpg 878w, https:\/\/seninterim.sn\/wp-content\/uploads\/2023\/10\/IMG-20231010-WA0002-323x431.jpg 323w, https:\/\/seninterim.sn\/wp-content\/uploads\/2023\/10\/IMG-20231010-WA0002-440x587.jpg 440w, https:\/\/seninterim.sn\/wp-content\/uploads\/2023\/10\/IMG-20231010-WA0002-675x900.jpg 675w, https:\/\/seninterim.sn\/wp-content\/uploads\/2023\/10\/IMG-20231010-WA0002.jpg 960w\" sizes=\"(max-width: 768px) 100vw, 768px\" \/><\/figure>\n\n\n\n<figure class=\"wp-block-image size-large\"><img decoding=\"async\" width=\"1024\" height=\"768\" data-id=\"5596\" src=\"https:\/\/seninterim.sn\/wp-content\/uploads\/2023\/10\/IMG-20231010-WA0005-1024x768.jpg\" alt=\"\" class=\"wp-image-5596\" srcset=\"https:\/\/seninterim.sn\/wp-content\/uploads\/2023\/10\/IMG-20231010-WA0005-1024x768.jpg 1024w, https:\/\/seninterim.sn\/wp-content\/uploads\/2023\/10\/IMG-20231010-WA0005-300x225.jpg 300w, https:\/\/seninterim.sn\/wp-content\/uploads\/2023\/10\/IMG-20231010-WA0005-878x659.jpg 878w, https:\/\/seninterim.sn\/wp-content\/uploads\/2023\/10\/IMG-20231010-WA0005-323x242.jpg 323w, https:\/\/seninterim.sn\/wp-content\/uploads\/2023\/10\/IMG-20231010-WA0005-440x330.jpg 440w, https:\/\/seninterim.sn\/wp-content\/uploads\/2023\/10\/IMG-20231010-WA0005-675x506.jpg 675w, https:\/\/seninterim.sn\/wp-content\/uploads\/2023\/10\/IMG-20231010-WA0005.jpg 1280w\" sizes=\"(max-width: 1024px) 100vw, 1024px\" \/><\/figure>\n\n\n\n<figure class=\"wp-block-image size-large\"><img loading=\"lazy\" decoding=\"async\" width=\"1000\" height=\"750\" data-id=\"5598\" src=\"https:\/\/seninterim.sn\/wp-content\/uploads\/2023\/10\/IMG-20231010-WA0007.jpg\" alt=\"\" class=\"wp-image-5598\" srcset=\"https:\/\/seninterim.sn\/wp-content\/uploads\/2023\/10\/IMG-20231010-WA0007.jpg 1000w, https:\/\/seninterim.sn\/wp-content\/uploads\/2023\/10\/IMG-20231010-WA0007-300x225.jpg 300w, https:\/\/seninterim.sn\/wp-content\/uploads\/2023\/10\/IMG-20231010-WA0007-878x659.jpg 878w, https:\/\/seninterim.sn\/wp-content\/uploads\/2023\/10\/IMG-20231010-WA0007-323x242.jpg 323w, https:\/\/seninterim.sn\/wp-content\/uploads\/2023\/10\/IMG-20231010-WA0007-440x330.jpg 440w, https:\/\/seninterim.sn\/wp-content\/uploads\/2023\/10\/IMG-20231010-WA0007-675x506.jpg 675w\" sizes=\"(max-width: 1000px) 100vw, 1000px\" \/><\/figure>\n\n\n\n<figure class=\"wp-block-image size-large\"><img loading=\"lazy\" decoding=\"async\" width=\"576\" height=\"1024\" data-id=\"5601\" src=\"https:\/\/seninterim.sn\/wp-content\/uploads\/2023\/10\/IMG-20231010-WA0016-576x1024.jpg\" alt=\"\" class=\"wp-image-5601\" srcset=\"https:\/\/seninterim.sn\/wp-content\/uploads\/2023\/10\/IMG-20231010-WA0016-576x1024.jpg 576w, https:\/\/seninterim.sn\/wp-content\/uploads\/2023\/10\/IMG-20231010-WA0016-169x300.jpg 169w, https:\/\/seninterim.sn\/wp-content\/uploads\/2023\/10\/IMG-20231010-WA0016-323x575.jpg 323w, https:\/\/seninterim.sn\/wp-content\/uploads\/2023\/10\/IMG-20231010-WA0016-440x783.jpg 440w, https:\/\/seninterim.sn\/wp-content\/uploads\/2023\/10\/IMG-20231010-WA0016.jpg 607w\" sizes=\"(max-width: 576px) 100vw, 576px\" \/><\/figure>\n\n\n\n<figure class=\"wp-block-image size-large\"><img loading=\"lazy\" decoding=\"async\" width=\"756\" height=\"1008\" data-id=\"5603\" src=\"https:\/\/seninterim.sn\/wp-content\/uploads\/2023\/10\/IMG-20231010-WA0017.jpg\" alt=\"\" class=\"wp-image-5603\" srcset=\"https:\/\/seninterim.sn\/wp-content\/uploads\/2023\/10\/IMG-20231010-WA0017.jpg 756w, https:\/\/seninterim.sn\/wp-content\/uploads\/2023\/10\/IMG-20231010-WA0017-225x300.jpg 225w, https:\/\/seninterim.sn\/wp-content\/uploads\/2023\/10\/IMG-20231010-WA0017-323x431.jpg 323w, https:\/\/seninterim.sn\/wp-content\/uploads\/2023\/10\/IMG-20231010-WA0017-440x587.jpg 440w, https:\/\/seninterim.sn\/wp-content\/uploads\/2023\/10\/IMG-20231010-WA0017-675x900.jpg 675w\" sizes=\"(max-width: 756px) 100vw, 756px\" \/><\/figure>\n\n\n\n<figure class=\"wp-block-image size-large\"><img loading=\"lazy\" decoding=\"async\" width=\"756\" height=\"1008\" data-id=\"5599\" src=\"https:\/\/seninterim.sn\/wp-content\/uploads\/2023\/10\/IMG-20231010-WA0018.jpg\" alt=\"\" class=\"wp-image-5599\" srcset=\"https:\/\/seninterim.sn\/wp-content\/uploads\/2023\/10\/IMG-20231010-WA0018.jpg 756w, https:\/\/seninterim.sn\/wp-content\/uploads\/2023\/10\/IMG-20231010-WA0018-225x300.jpg 225w, https:\/\/seninterim.sn\/wp-content\/uploads\/2023\/10\/IMG-20231010-WA0018-323x431.jpg 323w, https:\/\/seninterim.sn\/wp-content\/uploads\/2023\/10\/IMG-20231010-WA0018-440x587.jpg 440w, https:\/\/seninterim.sn\/wp-content\/uploads\/2023\/10\/IMG-20231010-WA0018-675x900.jpg 675w\" sizes=\"(max-width: 756px) 100vw, 756px\" \/><\/figure>\n\n\n\n<figure class=\"wp-block-image size-large\"><img loading=\"lazy\" decoding=\"async\" width=\"1008\" height=\"756\" data-id=\"5597\" src=\"https:\/\/seninterim.sn\/wp-content\/uploads\/2023\/10\/IMG-20231010-WA0019.jpg\" alt=\"\" class=\"wp-image-5597\" srcset=\"https:\/\/seninterim.sn\/wp-content\/uploads\/2023\/10\/IMG-20231010-WA0019.jpg 1008w, https:\/\/seninterim.sn\/wp-content\/uploads\/2023\/10\/IMG-20231010-WA0019-300x225.jpg 300w, https:\/\/seninterim.sn\/wp-content\/uploads\/2023\/10\/IMG-20231010-WA0019-878x659.jpg 878w, https:\/\/seninterim.sn\/wp-content\/uploads\/2023\/10\/IMG-20231010-WA0019-323x242.jpg 323w, https:\/\/seninterim.sn\/wp-content\/uploads\/2023\/10\/IMG-20231010-WA0019-440x330.jpg 440w, https:\/\/seninterim.sn\/wp-content\/uploads\/2023\/10\/IMG-20231010-WA0019-675x506.jpg 675w\" sizes=\"(max-width: 1008px) 100vw, 1008px\" \/><\/figure>\n<\/figure>\n<\/div>\n<\/div>\n\n\n\n<figure class=\"wp-block-image size-full is-resized\"><img loading=\"lazy\" decoding=\"async\" src=\"https:\/\/seninterim.sn\/wp-content\/uploads\/2023\/10\/image008.jpg\" alt=\"\" class=\"wp-image-5611\" style=\"width:765px;height:193px\" width=\"765\" height=\"193\" srcset=\"https:\/\/seninterim.sn\/wp-content\/uploads\/2023\/10\/image008.jpg 626w, https:\/\/seninterim.sn\/wp-content\/uploads\/2023\/10\/image008-300x76.jpg 300w, https:\/\/seninterim.sn\/wp-content\/uploads\/2023\/10\/image008-323x82.jpg 323w, https:\/\/seninterim.sn\/wp-content\/uploads\/2023\/10\/image008-440x111.jpg 440w\" sizes=\"(max-width: 765px) 100vw, 765px\" \/><\/figure>\n\n    <div class=\"xs_social_share_widget xs_share_url after_content \t\tmain_content  wslu-style-1 wslu-share-box-shaped wslu-fill-colored wslu-none wslu-share-horizontal wslu-theme-font-no wslu-main_content\">\n\n\t\t\n        <ul>\n\t\t\t        <\/ul>\n    <\/div> \n","protected":false},"excerpt":{"rendered":"<p>La SEN INTERIM a particip\u00e9 en tant qu\u2019exposant \u00e0 la 7\u00e8me \u00e9dition du Salon International des Mines (SIM) S\u00e9n\u00e9gal au Centre international de conf\u00e9rences Abdou Diouf (CICAD) \u00e0 Dakar du 3 au 5 octobre 2023. L&rsquo;\u00e9v\u00e9nement est organis\u00e9 par le Minist\u00e8re des Mines et de la G\u00e9ologie de la R\u00e9publique du S\u00e9n\u00e9gal en association avec [&hellip;]<\/p>\n","protected":false},"author":1,"featured_media":5598,"comment_status":"open","ping_status":"open","sticky":false,"template":"","format":"standard","meta":{"footnotes":""},"categories":[93],"tags":[],"class_list":["post-5595","post","type-post","status-publish","format-standard","has-post-thumbnail","hentry","category-evenement"],"yoast_head":"<!-- This site is optimized with the Yoast SEO plugin v22.0 - https:\/\/yoast.com\/wordpress\/plugins\/seo\/ -->\n<title>La SEN INTERIM au Salon International des Mines (SIM) 2023 - Sen Interim<\/title>\n<meta name=\"robots\" content=\"index, follow, max-snippet:-1, max-image-preview:large, max-video-preview:-1\" \/>\n<link rel=\"canonical\" href=\"https:\/\/seninterim.sn\/index.php\/2023\/10\/11\/la-sen-interim-au-salon-international-des-mines-sim-2023\/\" \/>\n<meta property=\"og:locale\" content=\"fr_FR\" \/>\n<meta property=\"og:type\" content=\"article\" \/>\n<meta property=\"og:title\" content=\"La SEN INTERIM au Salon International des Mines (SIM) 2023 - Sen Interim\" \/>\n<meta property=\"og:description\" content=\"La SEN INTERIM a particip\u00e9 en tant qu\u2019exposant \u00e0 la 7\u00e8me \u00e9dition du Salon International des Mines (SIM) S\u00e9n\u00e9gal au Centre international de conf\u00e9rences Abdou Diouf (CICAD) \u00e0 Dakar du 3 au 5 octobre 2023. L&rsquo;\u00e9v\u00e9nement est organis\u00e9 par le Minist\u00e8re des Mines et de la G\u00e9ologie de la R\u00e9publique du S\u00e9n\u00e9gal en association avec [&hellip;]\" \/>\n<meta property=\"og:url\" content=\"https:\/\/seninterim.sn\/index.php\/2023\/10\/11\/la-sen-interim-au-salon-international-des-mines-sim-2023\/\" \/>\n<meta property=\"og:site_name\" content=\"Sen Interim\" \/>\n<meta property=\"article:publisher\" content=\"https:\/\/www.facebook.com\/Senegalinterimaire\" \/>\n<meta property=\"article:published_time\" content=\"2023-10-11T15:51:34+00:00\" \/>\n<meta property=\"article:modified_time\" content=\"2023-10-11T16:21:01+00:00\" \/>\n<meta property=\"og:image\" content=\"https:\/\/seninterim.sn\/wp-content\/uploads\/2023\/10\/IMG-20231010-WA0007.jpg\" \/>\n\t<meta property=\"og:image:width\" content=\"1000\" \/>\n\t<meta property=\"og:image:height\" content=\"750\" \/>\n\t<meta property=\"og:image:type\" content=\"image\/jpeg\" \/>\n<meta name=\"author\" content=\"admin8569\" \/>\n<meta name=\"twitter:card\" content=\"summary_large_image\" \/>\n<meta name=\"twitter:creator\" content=\"@sen_interim\" \/>\n<meta name=\"twitter:site\" content=\"@sen_interim\" \/>\n<meta name=\"twitter:label1\" content=\"\u00c9crit par\" \/>\n\t<meta name=\"twitter:data1\" content=\"admin8569\" \/>\n\t<meta name=\"twitter:label2\" content=\"Dur\u00e9e de lecture estim\u00e9e\" \/>\n\t<meta name=\"twitter:data2\" content=\"3 minutes\" \/>\n<script type=\"application\/ld+json\" class=\"yoast-schema-graph\">{\"@context\":\"https:\/\/schema.org\",\"@graph\":[{\"@type\":\"Article\",\"@id\":\"https:\/\/seninterim.sn\/index.php\/2023\/10\/11\/la-sen-interim-au-salon-international-des-mines-sim-2023\/#article\",\"isPartOf\":{\"@id\":\"https:\/\/seninterim.sn\/index.php\/2023\/10\/11\/la-sen-interim-au-salon-international-des-mines-sim-2023\/\"},\"author\":{\"name\":\"admin8569\",\"@id\":\"https:\/\/seninterim.sn\/#\/schema\/person\/9fe3368ca8afd4f9d043996713e5217d\"},\"headline\":\"La SEN INTERIM au Salon International des Mines (SIM) 2023\",\"datePublished\":\"2023-10-11T15:51:34+00:00\",\"dateModified\":\"2023-10-11T16:21:01+00:00\",\"mainEntityOfPage\":{\"@id\":\"https:\/\/seninterim.sn\/index.php\/2023\/10\/11\/la-sen-interim-au-salon-international-des-mines-sim-2023\/\"},\"wordCount\":102,\"commentCount\":0,\"publisher\":{\"@id\":\"https:\/\/seninterim.sn\/#organization\"},\"articleSection\":[\"Ev\u00e9nement\"],\"inLanguage\":\"fr-FR\",\"potentialAction\":[{\"@type\":\"CommentAction\",\"name\":\"Comment\",\"target\":[\"https:\/\/seninterim.sn\/index.php\/2023\/10\/11\/la-sen-interim-au-salon-international-des-mines-sim-2023\/#respond\"]}]},{\"@type\":\"WebPage\",\"@id\":\"https:\/\/seninterim.sn\/index.php\/2023\/10\/11\/la-sen-interim-au-salon-international-des-mines-sim-2023\/\",\"url\":\"https:\/\/seninterim.sn\/index.php\/2023\/10\/11\/la-sen-interim-au-salon-international-des-mines-sim-2023\/\",\"name\":\"La SEN INTERIM au Salon International des Mines (SIM) 2023 - Sen Interim\",\"isPartOf\":{\"@id\":\"https:\/\/seninterim.sn\/#website\"},\"datePublished\":\"2023-10-11T15:51:34+00:00\",\"dateModified\":\"2023-10-11T16:21:01+00:00\",\"breadcrumb\":{\"@id\":\"https:\/\/seninterim.sn\/index.php\/2023\/10\/11\/la-sen-interim-au-salon-international-des-mines-sim-2023\/#breadcrumb\"},\"inLanguage\":\"fr-FR\",\"potentialAction\":[{\"@type\":\"ReadAction\",\"target\":[\"https:\/\/seninterim.sn\/index.php\/2023\/10\/11\/la-sen-interim-au-salon-international-des-mines-sim-2023\/\"]}]},{\"@type\":\"BreadcrumbList\",\"@id\":\"https:\/\/seninterim.sn\/index.php\/2023\/10\/11\/la-sen-interim-au-salon-international-des-mines-sim-2023\/#breadcrumb\",\"itemListElement\":[{\"@type\":\"ListItem\",\"position\":1,\"name\":\"Home\",\"item\":\"https:\/\/seninterim.sn\/\"},{\"@type\":\"ListItem\",\"position\":2,\"name\":\"La SEN INTERIM au Salon International des Mines (SIM) 2023\"}]},{\"@type\":\"WebSite\",\"@id\":\"https:\/\/seninterim.sn\/#website\",\"url\":\"https:\/\/seninterim.sn\/\",\"name\":\"Sen Interim\",\"description\":\"Recruter est un plaisir\",\"publisher\":{\"@id\":\"https:\/\/seninterim.sn\/#organization\"},\"potentialAction\":[{\"@type\":\"SearchAction\",\"target\":{\"@type\":\"EntryPoint\",\"urlTemplate\":\"https:\/\/seninterim.sn\/?s={search_term_string}\"},\"query-input\":\"required name=search_term_string\"}],\"inLanguage\":\"fr-FR\"},{\"@type\":\"Organization\",\"@id\":\"https:\/\/seninterim.sn\/#organization\",\"name\":\"Sen Interim\",\"url\":\"https:\/\/seninterim.sn\/\",\"logo\":{\"@type\":\"ImageObject\",\"inLanguage\":\"fr-FR\",\"@id\":\"https:\/\/seninterim.sn\/#\/schema\/logo\/image\/\",\"url\":\"https:\/\/seninterim.sn\/wp-content\/uploads\/2022\/07\/cropped-cropped-telechargement-removebg-preview.png\",\"contentUrl\":\"https:\/\/seninterim.sn\/wp-content\/uploads\/2022\/07\/cropped-cropped-telechargement-removebg-preview.png\",\"width\":100,\"height\":100,\"caption\":\"Sen Interim\"},\"image\":{\"@id\":\"https:\/\/seninterim.sn\/#\/schema\/logo\/image\/\"},\"sameAs\":[\"https:\/\/www.facebook.com\/Senegalinterimaire\",\"https:\/\/twitter.com\/sen_interim\"]},{\"@type\":\"Person\",\"@id\":\"https:\/\/seninterim.sn\/#\/schema\/person\/9fe3368ca8afd4f9d043996713e5217d\",\"name\":\"admin8569\",\"image\":{\"@type\":\"ImageObject\",\"inLanguage\":\"fr-FR\",\"@id\":\"https:\/\/seninterim.sn\/#\/schema\/person\/image\/\",\"url\":\"https:\/\/secure.gravatar.com\/avatar\/7b56fab97e9f9e1d4c2799b917397405830d443145d72d0096d9abc4999ae2b3?s=96&d=mm&r=g\",\"contentUrl\":\"https:\/\/secure.gravatar.com\/avatar\/7b56fab97e9f9e1d4c2799b917397405830d443145d72d0096d9abc4999ae2b3?s=96&d=mm&r=g\",\"caption\":\"admin8569\"},\"sameAs\":[\"https:\/\/seninterim.sn\"],\"url\":\"https:\/\/seninterim.sn\/index.php\/author\/admin8569\/\"}]}<\/script>\n<!-- \/ Yoast SEO plugin. -->","yoast_head_json":{"title":"La SEN INTERIM au Salon International des Mines (SIM) 2023 - Sen Interim","robots":{"index":"index","follow":"follow","max-snippet":"max-snippet:-1","max-image-preview":"max-image-preview:large","max-video-preview":"max-video-preview:-1"},"canonical":"https:\/\/seninterim.sn\/index.php\/2023\/10\/11\/la-sen-interim-au-salon-international-des-mines-sim-2023\/","og_locale":"fr_FR","og_type":"article","og_title":"La SEN INTERIM au Salon International des Mines (SIM) 2023 - Sen Interim","og_description":"La SEN INTERIM a particip\u00e9 en tant qu\u2019exposant \u00e0 la 7\u00e8me \u00e9dition du Salon International des Mines (SIM) S\u00e9n\u00e9gal au Centre international de conf\u00e9rences Abdou Diouf (CICAD) \u00e0 Dakar du 3 au 5 octobre 2023. L&rsquo;\u00e9v\u00e9nement est organis\u00e9 par le Minist\u00e8re des Mines et de la G\u00e9ologie de la R\u00e9publique du S\u00e9n\u00e9gal en association avec [&hellip;]","og_url":"https:\/\/seninterim.sn\/index.php\/2023\/10\/11\/la-sen-interim-au-salon-international-des-mines-sim-2023\/","og_site_name":"Sen Interim","article_publisher":"https:\/\/www.facebook.com\/Senegalinterimaire","article_published_time":"2023-10-11T15:51:34+00:00","article_modified_time":"2023-10-11T16:21:01+00:00","og_image":[{"width":1000,"height":750,"url":"https:\/\/seninterim.sn\/wp-content\/uploads\/2023\/10\/IMG-20231010-WA0007.jpg","type":"image\/jpeg"}],"author":"admin8569","twitter_card":"summary_large_image","twitter_creator":"@sen_interim","twitter_site":"@sen_interim","twitter_misc":{"\u00c9crit par":"admin8569","Dur\u00e9e de lecture estim\u00e9e":"3 minutes"},"schema":{"@context":"https:\/\/schema.org","@graph":[{"@type":"Article","@id":"https:\/\/seninterim.sn\/index.php\/2023\/10\/11\/la-sen-interim-au-salon-international-des-mines-sim-2023\/#article","isPartOf":{"@id":"https:\/\/seninterim.sn\/index.php\/2023\/10\/11\/la-sen-interim-au-salon-international-des-mines-sim-2023\/"},"author":{"name":"admin8569","@id":"https:\/\/seninterim.sn\/#\/schema\/person\/9fe3368ca8afd4f9d043996713e5217d"},"headline":"La SEN INTERIM au Salon International des Mines (SIM) 2023","datePublished":"2023-10-11T15:51:34+00:00","dateModified":"2023-10-11T16:21:01+00:00","mainEntityOfPage":{"@id":"https:\/\/seninterim.sn\/index.php\/2023\/10\/11\/la-sen-interim-au-salon-international-des-mines-sim-2023\/"},"wordCount":102,"commentCount":0,"publisher":{"@id":"https:\/\/seninterim.sn\/#organization"},"articleSection":["Ev\u00e9nement"],"inLanguage":"fr-FR","potentialAction":[{"@type":"CommentAction","name":"Comment","target":["https:\/\/seninterim.sn\/index.php\/2023\/10\/11\/la-sen-interim-au-salon-international-des-mines-sim-2023\/#respond"]}]},{"@type":"WebPage","@id":"https:\/\/seninterim.sn\/index.php\/2023\/10\/11\/la-sen-interim-au-salon-international-des-mines-sim-2023\/","url":"https:\/\/seninterim.sn\/index.php\/2023\/10\/11\/la-sen-interim-au-salon-international-des-mines-sim-2023\/","name":"La SEN INTERIM au Salon International des Mines (SIM) 2023 - Sen Interim","isPartOf":{"@id":"https:\/\/seninterim.sn\/#website"},"datePublished":"2023-10-11T15:51:34+00:00","dateModified":"2023-10-11T16:21:01+00:00","breadcrumb":{"@id":"https:\/\/seninterim.sn\/index.php\/2023\/10\/11\/la-sen-interim-au-salon-international-des-mines-sim-2023\/#breadcrumb"},"inLanguage":"fr-FR","potentialAction":[{"@type":"ReadAction","target":["https:\/\/seninterim.sn\/index.php\/2023\/10\/11\/la-sen-interim-au-salon-international-des-mines-sim-2023\/"]}]},{"@type":"BreadcrumbList","@id":"https:\/\/seninterim.sn\/index.php\/2023\/10\/11\/la-sen-interim-au-salon-international-des-mines-sim-2023\/#breadcrumb","itemListElement":[{"@type":"ListItem","position":1,"name":"Home","item":"https:\/\/seninterim.sn\/"},{"@type":"ListItem","position":2,"name":"La SEN INTERIM au Salon International des Mines (SIM) 2023"}]},{"@type":"WebSite","@id":"https:\/\/seninterim.sn\/#website","url":"https:\/\/seninterim.sn\/","name":"Sen Interim","description":"Recruter est un plaisir","publisher":{"@id":"https:\/\/seninterim.sn\/#organization"},"potentialAction":[{"@type":"SearchAction","target":{"@type":"EntryPoint","urlTemplate":"https:\/\/seninterim.sn\/?s={search_term_string}"},"query-input":"required name=search_term_string"}],"inLanguage":"fr-FR"},{"@type":"Organization","@id":"https:\/\/seninterim.sn\/#organization","name":"Sen Interim","url":"https:\/\/seninterim.sn\/","logo":{"@type":"ImageObject","inLanguage":"fr-FR","@id":"https:\/\/seninterim.sn\/#\/schema\/logo\/image\/","url":"https:\/\/seninterim.sn\/wp-content\/uploads\/2022\/07\/cropped-cropped-telechargement-removebg-preview.png","contentUrl":"https:\/\/seninterim.sn\/wp-content\/uploads\/2022\/07\/cropped-cropped-telechargement-removebg-preview.png","width":100,"height":100,"caption":"Sen Interim"},"image":{"@id":"https:\/\/seninterim.sn\/#\/schema\/logo\/image\/"},"sameAs":["https:\/\/www.facebook.com\/Senegalinterimaire","https:\/\/twitter.com\/sen_interim"]},{"@type":"Person","@id":"https:\/\/seninterim.sn\/#\/schema\/person\/9fe3368ca8afd4f9d043996713e5217d","name":"admin8569","image":{"@type":"ImageObject","inLanguage":"fr-FR","@id":"https:\/\/seninterim.sn\/#\/schema\/person\/image\/","url":"https:\/\/secure.gravatar.com\/avatar\/7b56fab97e9f9e1d4c2799b917397405830d443145d72d0096d9abc4999ae2b3?s=96&d=mm&r=g","contentUrl":"https:\/\/secure.gravatar.com\/avatar\/7b56fab97e9f9e1d4c2799b917397405830d443145d72d0096d9abc4999ae2b3?s=96&d=mm&r=g","caption":"admin8569"},"sameAs":["https:\/\/seninterim.sn"],"url":"https:\/\/seninterim.sn\/index.php\/author\/admin8569\/"}]}},"_links":{"self":[{"href":"https:\/\/seninterim.sn\/index.php\/wp-json\/wp\/v2\/posts\/5595","targetHints":{"allow":["GET"]}}],"collection":[{"href":"https:\/\/seninterim.sn\/index.php\/wp-json\/wp\/v2\/posts"}],"about":[{"href":"https:\/\/seninterim.sn\/index.php\/wp-json\/wp\/v2\/types\/post"}],"author":[{"embeddable":true,"href":"https:\/\/seninterim.sn\/index.php\/wp-json\/wp\/v2\/users\/1"}],"replies":[{"embeddable":true,"href":"https:\/\/seninterim.sn\/index.php\/wp-json\/wp\/v2\/comments?post=5595"}],"version-history":[{"count":5,"href":"https:\/\/seninterim.sn\/index.php\/wp-json\/wp\/v2\/posts\/5595\/revisions"}],"predecessor-version":[{"id":5616,"href":"https:\/\/seninterim.sn\/index.php\/wp-json\/wp\/v2\/posts\/5595\/revisions\/5616"}],"wp:featuredmedia":[{"embeddable":true,"href":"https:\/\/seninterim.sn\/index.php\/wp-json\/wp\/v2\/media\/5598"}],"wp:attachment":[{"href":"https:\/\/seninterim.sn\/index.php\/wp-json\/wp\/v2\/media?parent=5595"}],"wp:term":[{"taxonomy":"category","embeddable":true,"href":"https:\/\/seninterim.sn\/index.php\/wp-json\/wp\/v2\/categories?post=5595"},{"taxonomy":"post_tag","embeddable":true,"href":"https:\/\/seninterim.sn\/index.php\/wp-json\/wp\/v2\/tags?post=5595"}],"curies":[{"name":"wp","href":"https:\/\/api.w.org\/{rel}","templated":true}]}}