{"id":5375,"date":"2023-03-27T18:42:59","date_gmt":"2023-03-27T16:42:59","guid":{"rendered":"https:\/\/seninterim.sn\/?p=5375"},"modified":"2023-03-27T18:43:07","modified_gmt":"2023-03-27T16:43:07","slug":"la-sen-interim-accompagne-ses-partenaires-en-ce-mois-beni-de-ramadan","status":"publish","type":"post","link":"https:\/\/seninterim.sn\/index.php\/2023\/03\/27\/la-sen-interim-accompagne-ses-partenaires-en-ce-mois-beni-de-ramadan\/","title":{"rendered":"La Sen Int\u00e9rim accompagne ses partenaires en ce mois b\u00e9ni de Ramadan"},"content":{"rendered":"\n<p>A l\u2019occasion du mois b\u00e9ni de Ramadan nous avons offert \u00e0 tous nos clients des paniers de Ramadan, pour ainsi marquer notre accompagnement \u00e0 nos valeureux partenaires en leurs souhaitant un RAMADAN MOUBARAK.<\/p>\n\n\n\n<div class=\"wp-block-columns is-layout-flex wp-container-core-columns-is-layout-9d6595d7 wp-block-columns-is-layout-flex\">\n<div class=\"wp-block-column is-layout-flow wp-block-column-is-layout-flow\">\n<figure class=\"wp-block-gallery has-nested-images columns-default is-cropped wp-block-gallery-1 is-layout-flex wp-block-gallery-is-layout-flex\">\n<figure class=\"wp-block-image size-large\"><img fetchpriority=\"high\" decoding=\"async\" width=\"1024\" height=\"575\" data-id=\"5377\" src=\"https:\/\/seninterim.sn\/wp-content\/uploads\/2023\/03\/IMG_0370-1024x575.jpg\" alt=\"\" class=\"wp-image-5377\" srcset=\"https:\/\/seninterim.sn\/wp-content\/uploads\/2023\/03\/IMG_0370-1024x575.jpg 1024w, https:\/\/seninterim.sn\/wp-content\/uploads\/2023\/03\/IMG_0370-300x169.jpg 300w, https:\/\/seninterim.sn\/wp-content\/uploads\/2023\/03\/IMG_0370-1536x863.jpg 1536w, https:\/\/seninterim.sn\/wp-content\/uploads\/2023\/03\/IMG_0370-2048x1150.jpg 2048w, https:\/\/seninterim.sn\/wp-content\/uploads\/2023\/03\/IMG_0370-878x493.jpg 878w, https:\/\/seninterim.sn\/wp-content\/uploads\/2023\/03\/IMG_0370-323x181.jpg 323w, https:\/\/seninterim.sn\/wp-content\/uploads\/2023\/03\/IMG_0370-440x247.jpg 440w, https:\/\/seninterim.sn\/wp-content\/uploads\/2023\/03\/IMG_0370-675x379.jpg 675w\" sizes=\"(max-width: 1024px) 100vw, 1024px\" \/><\/figure>\n<\/figure>\n\n\n\n<div class=\"wp-block-columns is-layout-flex wp-container-core-columns-is-layout-9d6595d7 wp-block-columns-is-layout-flex\">\n<div class=\"wp-block-column is-layout-flow wp-block-column-is-layout-flow\">\n<figure class=\"wp-block-image size-large\"><img decoding=\"async\" width=\"1024\" height=\"575\" src=\"https:\/\/seninterim.sn\/wp-content\/uploads\/2023\/03\/IMG_0366-1024x575.jpg\" alt=\"\" class=\"wp-image-5381\" srcset=\"https:\/\/seninterim.sn\/wp-content\/uploads\/2023\/03\/IMG_0366-1024x575.jpg 1024w, https:\/\/seninterim.sn\/wp-content\/uploads\/2023\/03\/IMG_0366-300x169.jpg 300w, https:\/\/seninterim.sn\/wp-content\/uploads\/2023\/03\/IMG_0366-1536x863.jpg 1536w, https:\/\/seninterim.sn\/wp-content\/uploads\/2023\/03\/IMG_0366-2048x1150.jpg 2048w, https:\/\/seninterim.sn\/wp-content\/uploads\/2023\/03\/IMG_0366-878x493.jpg 878w, https:\/\/seninterim.sn\/wp-content\/uploads\/2023\/03\/IMG_0366-323x181.jpg 323w, https:\/\/seninterim.sn\/wp-content\/uploads\/2023\/03\/IMG_0366-440x247.jpg 440w, https:\/\/seninterim.sn\/wp-content\/uploads\/2023\/03\/IMG_0366-675x379.jpg 675w\" sizes=\"(max-width: 1024px) 100vw, 1024px\" \/><\/figure>\n<\/div>\n<\/div>\n<\/div>\n<\/div>\n\n\n\n<figure class=\"wp-block-image size-large\"><img decoding=\"async\" width=\"1024\" height=\"575\" src=\"https:\/\/seninterim.sn\/wp-content\/uploads\/2023\/03\/IMG_0368-1024x575.jpg\" alt=\"\" class=\"wp-image-5379\" srcset=\"https:\/\/seninterim.sn\/wp-content\/uploads\/2023\/03\/IMG_0368-1024x575.jpg 1024w, https:\/\/seninterim.sn\/wp-content\/uploads\/2023\/03\/IMG_0368-300x169.jpg 300w, https:\/\/seninterim.sn\/wp-content\/uploads\/2023\/03\/IMG_0368-1536x863.jpg 1536w, https:\/\/seninterim.sn\/wp-content\/uploads\/2023\/03\/IMG_0368-2048x1150.jpg 2048w, https:\/\/seninterim.sn\/wp-content\/uploads\/2023\/03\/IMG_0368-878x493.jpg 878w, https:\/\/seninterim.sn\/wp-content\/uploads\/2023\/03\/IMG_0368-323x181.jpg 323w, https:\/\/seninterim.sn\/wp-content\/uploads\/2023\/03\/IMG_0368-440x247.jpg 440w, https:\/\/seninterim.sn\/wp-content\/uploads\/2023\/03\/IMG_0368-675x379.jpg 675w\" sizes=\"(max-width: 1024px) 100vw, 1024px\" \/><\/figure>\n\n\n\n<figure class=\"wp-block-image size-large\"><img loading=\"lazy\" decoding=\"async\" width=\"1024\" height=\"575\" src=\"https:\/\/seninterim.sn\/wp-content\/uploads\/2023\/03\/IMG_0367-1024x575.jpg\" alt=\"\" class=\"wp-image-5380\" srcset=\"https:\/\/seninterim.sn\/wp-content\/uploads\/2023\/03\/IMG_0367-1024x575.jpg 1024w, https:\/\/seninterim.sn\/wp-content\/uploads\/2023\/03\/IMG_0367-300x169.jpg 300w\" sizes=\"(max-width: 1024px) 100vw, 1024px\" \/><\/figure>\n\n\n\n<figure class=\"wp-block-image size-full\"><img loading=\"lazy\" decoding=\"async\" width=\"2560\" height=\"1438\" src=\"https:\/\/seninterim.sn\/wp-content\/uploads\/2023\/03\/IMG_0372-scaled.jpg\" alt=\"\" class=\"wp-image-5376\" srcset=\"https:\/\/seninterim.sn\/wp-content\/uploads\/2023\/03\/IMG_0372-scaled.jpg 2560w, https:\/\/seninterim.sn\/wp-content\/uploads\/2023\/03\/IMG_0372-300x169.jpg 300w\" sizes=\"(max-width: 2560px) 100vw, 2560px\" \/><\/figure>\n\n    <div class=\"xs_social_share_widget xs_share_url after_content \t\tmain_content  wslu-style-1 wslu-share-box-shaped wslu-fill-colored wslu-none wslu-share-horizontal wslu-theme-font-no wslu-main_content\">\n\n\t\t\n        <ul>\n\t\t\t        <\/ul>\n    <\/div> \n","protected":false},"excerpt":{"rendered":"<p>A l\u2019occasion du mois b\u00e9ni de Ramadan nous avons offert \u00e0 tous nos clients des paniers de Ramadan, pour ainsi marquer notre accompagnement \u00e0 nos valeureux partenaires en leurs souhaitant un RAMADAN MOUBARAK.<\/p>\n","protected":false},"author":1,"featured_media":5381,"comment_status":"open","ping_status":"open","sticky":false,"template":"","format":"standard","meta":{"footnotes":""},"categories":[93],"tags":[111,110],"class_list":["post-5375","post","type-post","status-publish","format-standard","has-post-thumbnail","hentry","category-evenement","tag-mois-beni","tag-ramadan"],"yoast_head":"<!-- This site is optimized with the Yoast SEO plugin v22.0 - https:\/\/yoast.com\/wordpress\/plugins\/seo\/ -->\n<title>La Sen Int\u00e9rim accompagne ses partenaires en ce mois b\u00e9ni de Ramadan - Sen Interim<\/title>\n<meta name=\"robots\" content=\"index, follow, max-snippet:-1, max-image-preview:large, max-video-preview:-1\" \/>\n<link rel=\"canonical\" href=\"https:\/\/seninterim.sn\/index.php\/2023\/03\/27\/la-sen-interim-accompagne-ses-partenaires-en-ce-mois-beni-de-ramadan\/\" \/>\n<meta property=\"og:locale\" content=\"fr_FR\" \/>\n<meta property=\"og:type\" content=\"article\" \/>\n<meta property=\"og:title\" content=\"La Sen Int\u00e9rim accompagne ses partenaires en ce mois b\u00e9ni de Ramadan - Sen Interim\" \/>\n<meta property=\"og:description\" content=\"A l\u2019occasion du mois b\u00e9ni de Ramadan nous avons offert \u00e0 tous nos clients des paniers de Ramadan, pour ainsi marquer notre accompagnement \u00e0 nos valeureux partenaires en leurs souhaitant un RAMADAN MOUBARAK.\" \/>\n<meta property=\"og:url\" content=\"https:\/\/seninterim.sn\/index.php\/2023\/03\/27\/la-sen-interim-accompagne-ses-partenaires-en-ce-mois-beni-de-ramadan\/\" \/>\n<meta property=\"og:site_name\" content=\"Sen Interim\" \/>\n<meta property=\"article:publisher\" content=\"https:\/\/www.facebook.com\/Senegalinterimaire\" \/>\n<meta property=\"article:published_time\" content=\"2023-03-27T16:42:59+00:00\" \/>\n<meta property=\"article:modified_time\" content=\"2023-03-27T16:43:07+00:00\" \/>\n<meta property=\"og:image\" content=\"https:\/\/seninterim.sn\/wp-content\/uploads\/2023\/03\/IMG_0366-scaled.jpg\" \/>\n\t<meta property=\"og:image:width\" content=\"2560\" \/>\n\t<meta property=\"og:image:height\" content=\"1438\" \/>\n\t<meta property=\"og:image:type\" content=\"image\/jpeg\" \/>\n<meta name=\"author\" content=\"admin8569\" \/>\n<meta name=\"twitter:card\" content=\"summary_large_image\" \/>\n<meta name=\"twitter:creator\" content=\"@sen_interim\" \/>\n<meta name=\"twitter:site\" content=\"@sen_interim\" \/>\n<meta name=\"twitter:label1\" content=\"\u00c9crit par\" \/>\n\t<meta name=\"twitter:data1\" content=\"admin8569\" \/>\n\t<meta name=\"twitter:label2\" content=\"Dur\u00e9e de lecture estim\u00e9e\" \/>\n\t<meta name=\"twitter:data2\" content=\"2 minutes\" \/>\n<script type=\"application\/ld+json\" class=\"yoast-schema-graph\">{\"@context\":\"https:\/\/schema.org\",\"@graph\":[{\"@type\":\"Article\",\"@id\":\"https:\/\/seninterim.sn\/index.php\/2023\/03\/27\/la-sen-interim-accompagne-ses-partenaires-en-ce-mois-beni-de-ramadan\/#article\",\"isPartOf\":{\"@id\":\"https:\/\/seninterim.sn\/index.php\/2023\/03\/27\/la-sen-interim-accompagne-ses-partenaires-en-ce-mois-beni-de-ramadan\/\"},\"author\":{\"name\":\"admin8569\",\"@id\":\"https:\/\/seninterim.sn\/#\/schema\/person\/9fe3368ca8afd4f9d043996713e5217d\"},\"headline\":\"La Sen Int\u00e9rim accompagne ses partenaires en ce mois b\u00e9ni de Ramadan\",\"datePublished\":\"2023-03-27T16:42:59+00:00\",\"dateModified\":\"2023-03-27T16:43:07+00:00\",\"mainEntityOfPage\":{\"@id\":\"https:\/\/seninterim.sn\/index.php\/2023\/03\/27\/la-sen-interim-accompagne-ses-partenaires-en-ce-mois-beni-de-ramadan\/\"},\"wordCount\":47,\"commentCount\":0,\"publisher\":{\"@id\":\"https:\/\/seninterim.sn\/#organization\"},\"keywords\":[\"mois b\u00e9ni\",\"Ramadan\"],\"articleSection\":[\"Ev\u00e9nement\"],\"inLanguage\":\"fr-FR\",\"potentialAction\":[{\"@type\":\"CommentAction\",\"name\":\"Comment\",\"target\":[\"https:\/\/seninterim.sn\/index.php\/2023\/03\/27\/la-sen-interim-accompagne-ses-partenaires-en-ce-mois-beni-de-ramadan\/#respond\"]}]},{\"@type\":\"WebPage\",\"@id\":\"https:\/\/seninterim.sn\/index.php\/2023\/03\/27\/la-sen-interim-accompagne-ses-partenaires-en-ce-mois-beni-de-ramadan\/\",\"url\":\"https:\/\/seninterim.sn\/index.php\/2023\/03\/27\/la-sen-interim-accompagne-ses-partenaires-en-ce-mois-beni-de-ramadan\/\",\"name\":\"La Sen Int\u00e9rim accompagne ses partenaires en ce mois b\u00e9ni de Ramadan - Sen Interim\",\"isPartOf\":{\"@id\":\"https:\/\/seninterim.sn\/#website\"},\"datePublished\":\"2023-03-27T16:42:59+00:00\",\"dateModified\":\"2023-03-27T16:43:07+00:00\",\"breadcrumb\":{\"@id\":\"https:\/\/seninterim.sn\/index.php\/2023\/03\/27\/la-sen-interim-accompagne-ses-partenaires-en-ce-mois-beni-de-ramadan\/#breadcrumb\"},\"inLanguage\":\"fr-FR\",\"potentialAction\":[{\"@type\":\"ReadAction\",\"target\":[\"https:\/\/seninterim.sn\/index.php\/2023\/03\/27\/la-sen-interim-accompagne-ses-partenaires-en-ce-mois-beni-de-ramadan\/\"]}]},{\"@type\":\"BreadcrumbList\",\"@id\":\"https:\/\/seninterim.sn\/index.php\/2023\/03\/27\/la-sen-interim-accompagne-ses-partenaires-en-ce-mois-beni-de-ramadan\/#breadcrumb\",\"itemListElement\":[{\"@type\":\"ListItem\",\"position\":1,\"name\":\"Home\",\"item\":\"https:\/\/seninterim.sn\/\"},{\"@type\":\"ListItem\",\"position\":2,\"name\":\"La Sen Int\u00e9rim accompagne ses partenaires en ce mois b\u00e9ni de Ramadan\"}]},{\"@type\":\"WebSite\",\"@id\":\"https:\/\/seninterim.sn\/#website\",\"url\":\"https:\/\/seninterim.sn\/\",\"name\":\"Sen Interim\",\"description\":\"Recruter est un plaisir\",\"publisher\":{\"@id\":\"https:\/\/seninterim.sn\/#organization\"},\"potentialAction\":[{\"@type\":\"SearchAction\",\"target\":{\"@type\":\"EntryPoint\",\"urlTemplate\":\"https:\/\/seninterim.sn\/?s={search_term_string}\"},\"query-input\":\"required name=search_term_string\"}],\"inLanguage\":\"fr-FR\"},{\"@type\":\"Organization\",\"@id\":\"https:\/\/seninterim.sn\/#organization\",\"name\":\"Sen Interim\",\"url\":\"https:\/\/seninterim.sn\/\",\"logo\":{\"@type\":\"ImageObject\",\"inLanguage\":\"fr-FR\",\"@id\":\"https:\/\/seninterim.sn\/#\/schema\/logo\/image\/\",\"url\":\"https:\/\/seninterim.sn\/wp-content\/uploads\/2022\/07\/cropped-cropped-telechargement-removebg-preview.png\",\"contentUrl\":\"https:\/\/seninterim.sn\/wp-content\/uploads\/2022\/07\/cropped-cropped-telechargement-removebg-preview.png\",\"width\":100,\"height\":100,\"caption\":\"Sen Interim\"},\"image\":{\"@id\":\"https:\/\/seninterim.sn\/#\/schema\/logo\/image\/\"},\"sameAs\":[\"https:\/\/www.facebook.com\/Senegalinterimaire\",\"https:\/\/twitter.com\/sen_interim\"]},{\"@type\":\"Person\",\"@id\":\"https:\/\/seninterim.sn\/#\/schema\/person\/9fe3368ca8afd4f9d043996713e5217d\",\"name\":\"admin8569\",\"image\":{\"@type\":\"ImageObject\",\"inLanguage\":\"fr-FR\",\"@id\":\"https:\/\/seninterim.sn\/#\/schema\/person\/image\/\",\"url\":\"https:\/\/secure.gravatar.com\/avatar\/7b56fab97e9f9e1d4c2799b917397405830d443145d72d0096d9abc4999ae2b3?s=96&d=mm&r=g\",\"contentUrl\":\"https:\/\/secure.gravatar.com\/avatar\/7b56fab97e9f9e1d4c2799b917397405830d443145d72d0096d9abc4999ae2b3?s=96&d=mm&r=g\",\"caption\":\"admin8569\"},\"sameAs\":[\"https:\/\/seninterim.sn\"],\"url\":\"https:\/\/seninterim.sn\/index.php\/author\/admin8569\/\"}]}<\/script>\n<!-- \/ Yoast SEO plugin. -->","yoast_head_json":{"title":"La Sen Int\u00e9rim accompagne ses partenaires en ce mois b\u00e9ni de Ramadan - Sen Interim","robots":{"index":"index","follow":"follow","max-snippet":"max-snippet:-1","max-image-preview":"max-image-preview:large","max-video-preview":"max-video-preview:-1"},"canonical":"https:\/\/seninterim.sn\/index.php\/2023\/03\/27\/la-sen-interim-accompagne-ses-partenaires-en-ce-mois-beni-de-ramadan\/","og_locale":"fr_FR","og_type":"article","og_title":"La Sen Int\u00e9rim accompagne ses partenaires en ce mois b\u00e9ni de Ramadan - Sen Interim","og_description":"A l\u2019occasion du mois b\u00e9ni de Ramadan nous avons offert \u00e0 tous nos clients des paniers de Ramadan, pour ainsi marquer notre accompagnement \u00e0 nos valeureux partenaires en leurs souhaitant un RAMADAN MOUBARAK.","og_url":"https:\/\/seninterim.sn\/index.php\/2023\/03\/27\/la-sen-interim-accompagne-ses-partenaires-en-ce-mois-beni-de-ramadan\/","og_site_name":"Sen Interim","article_publisher":"https:\/\/www.facebook.com\/Senegalinterimaire","article_published_time":"2023-03-27T16:42:59+00:00","article_modified_time":"2023-03-27T16:43:07+00:00","og_image":[{"width":2560,"height":1438,"url":"https:\/\/seninterim.sn\/wp-content\/uploads\/2023\/03\/IMG_0366-scaled.jpg","type":"image\/jpeg"}],"author":"admin8569","twitter_card":"summary_large_image","twitter_creator":"@sen_interim","twitter_site":"@sen_interim","twitter_misc":{"\u00c9crit par":"admin8569","Dur\u00e9e de lecture estim\u00e9e":"2 minutes"},"schema":{"@context":"https:\/\/schema.org","@graph":[{"@type":"Article","@id":"https:\/\/seninterim.sn\/index.php\/2023\/03\/27\/la-sen-interim-accompagne-ses-partenaires-en-ce-mois-beni-de-ramadan\/#article","isPartOf":{"@id":"https:\/\/seninterim.sn\/index.php\/2023\/03\/27\/la-sen-interim-accompagne-ses-partenaires-en-ce-mois-beni-de-ramadan\/"},"author":{"name":"admin8569","@id":"https:\/\/seninterim.sn\/#\/schema\/person\/9fe3368ca8afd4f9d043996713e5217d"},"headline":"La Sen Int\u00e9rim accompagne ses partenaires en ce mois b\u00e9ni de Ramadan","datePublished":"2023-03-27T16:42:59+00:00","dateModified":"2023-03-27T16:43:07+00:00","mainEntityOfPage":{"@id":"https:\/\/seninterim.sn\/index.php\/2023\/03\/27\/la-sen-interim-accompagne-ses-partenaires-en-ce-mois-beni-de-ramadan\/"},"wordCount":47,"commentCount":0,"publisher":{"@id":"https:\/\/seninterim.sn\/#organization"},"keywords":["mois b\u00e9ni","Ramadan"],"articleSection":["Ev\u00e9nement"],"inLanguage":"fr-FR","potentialAction":[{"@type":"CommentAction","name":"Comment","target":["https:\/\/seninterim.sn\/index.php\/2023\/03\/27\/la-sen-interim-accompagne-ses-partenaires-en-ce-mois-beni-de-ramadan\/#respond"]}]},{"@type":"WebPage","@id":"https:\/\/seninterim.sn\/index.php\/2023\/03\/27\/la-sen-interim-accompagne-ses-partenaires-en-ce-mois-beni-de-ramadan\/","url":"https:\/\/seninterim.sn\/index.php\/2023\/03\/27\/la-sen-interim-accompagne-ses-partenaires-en-ce-mois-beni-de-ramadan\/","name":"La Sen Int\u00e9rim accompagne ses partenaires en ce mois b\u00e9ni de Ramadan - Sen Interim","isPartOf":{"@id":"https:\/\/seninterim.sn\/#website"},"datePublished":"2023-03-27T16:42:59+00:00","dateModified":"2023-03-27T16:43:07+00:00","breadcrumb":{"@id":"https:\/\/seninterim.sn\/index.php\/2023\/03\/27\/la-sen-interim-accompagne-ses-partenaires-en-ce-mois-beni-de-ramadan\/#breadcrumb"},"inLanguage":"fr-FR","potentialAction":[{"@type":"ReadAction","target":["https:\/\/seninterim.sn\/index.php\/2023\/03\/27\/la-sen-interim-accompagne-ses-partenaires-en-ce-mois-beni-de-ramadan\/"]}]},{"@type":"BreadcrumbList","@id":"https:\/\/seninterim.sn\/index.php\/2023\/03\/27\/la-sen-interim-accompagne-ses-partenaires-en-ce-mois-beni-de-ramadan\/#breadcrumb","itemListElement":[{"@type":"ListItem","position":1,"name":"Home","item":"https:\/\/seninterim.sn\/"},{"@type":"ListItem","position":2,"name":"La Sen Int\u00e9rim accompagne ses partenaires en ce mois b\u00e9ni de Ramadan"}]},{"@type":"WebSite","@id":"https:\/\/seninterim.sn\/#website","url":"https:\/\/seninterim.sn\/","name":"Sen Interim","description":"Recruter est un plaisir","publisher":{"@id":"https:\/\/seninterim.sn\/#organization"},"potentialAction":[{"@type":"SearchAction","target":{"@type":"EntryPoint","urlTemplate":"https:\/\/seninterim.sn\/?s={search_term_string}"},"query-input":"required name=search_term_string"}],"inLanguage":"fr-FR"},{"@type":"Organization","@id":"https:\/\/seninterim.sn\/#organization","name":"Sen Interim","url":"https:\/\/seninterim.sn\/","logo":{"@type":"ImageObject","inLanguage":"fr-FR","@id":"https:\/\/seninterim.sn\/#\/schema\/logo\/image\/","url":"https:\/\/seninterim.sn\/wp-content\/uploads\/2022\/07\/cropped-cropped-telechargement-removebg-preview.png","contentUrl":"https:\/\/seninterim.sn\/wp-content\/uploads\/2022\/07\/cropped-cropped-telechargement-removebg-preview.png","width":100,"height":100,"caption":"Sen Interim"},"image":{"@id":"https:\/\/seninterim.sn\/#\/schema\/logo\/image\/"},"sameAs":["https:\/\/www.facebook.com\/Senegalinterimaire","https:\/\/twitter.com\/sen_interim"]},{"@type":"Person","@id":"https:\/\/seninterim.sn\/#\/schema\/person\/9fe3368ca8afd4f9d043996713e5217d","name":"admin8569","image":{"@type":"ImageObject","inLanguage":"fr-FR","@id":"https:\/\/seninterim.sn\/#\/schema\/person\/image\/","url":"https:\/\/secure.gravatar.com\/avatar\/7b56fab97e9f9e1d4c2799b917397405830d443145d72d0096d9abc4999ae2b3?s=96&d=mm&r=g","contentUrl":"https:\/\/secure.gravatar.com\/avatar\/7b56fab97e9f9e1d4c2799b917397405830d443145d72d0096d9abc4999ae2b3?s=96&d=mm&r=g","caption":"admin8569"},"sameAs":["https:\/\/seninterim.sn"],"url":"https:\/\/seninterim.sn\/index.php\/author\/admin8569\/"}]}},"_links":{"self":[{"href":"https:\/\/seninterim.sn\/index.php\/wp-json\/wp\/v2\/posts\/5375","targetHints":{"allow":["GET"]}}],"collection":[{"href":"https:\/\/seninterim.sn\/index.php\/wp-json\/wp\/v2\/posts"}],"about":[{"href":"https:\/\/seninterim.sn\/index.php\/wp-json\/wp\/v2\/types\/post"}],"author":[{"embeddable":true,"href":"https:\/\/seninterim.sn\/index.php\/wp-json\/wp\/v2\/users\/1"}],"replies":[{"embeddable":true,"href":"https:\/\/seninterim.sn\/index.php\/wp-json\/wp\/v2\/comments?post=5375"}],"version-history":[{"count":1,"href":"https:\/\/seninterim.sn\/index.php\/wp-json\/wp\/v2\/posts\/5375\/revisions"}],"predecessor-version":[{"id":5382,"href":"https:\/\/seninterim.sn\/index.php\/wp-json\/wp\/v2\/posts\/5375\/revisions\/5382"}],"wp:featuredmedia":[{"embeddable":true,"href":"https:\/\/seninterim.sn\/index.php\/wp-json\/wp\/v2\/media\/5381"}],"wp:attachment":[{"href":"https:\/\/seninterim.sn\/index.php\/wp-json\/wp\/v2\/media?parent=5375"}],"wp:term":[{"taxonomy":"category","embeddable":true,"href":"https:\/\/seninterim.sn\/index.php\/wp-json\/wp\/v2\/categories?post=5375"},{"taxonomy":"post_tag","embeddable":true,"href":"https:\/\/seninterim.sn\/index.php\/wp-json\/wp\/v2\/tags?post=5375"}],"curies":[{"name":"wp","href":"https:\/\/api.w.org\/{rel}","templated":true}]}}