{"id":5196,"date":"2023-03-10T17:04:15","date_gmt":"2023-03-10T16:04:15","guid":{"rendered":"https:\/\/seninterim.sn\/?p=5196"},"modified":"2023-03-10T17:28:20","modified_gmt":"2023-03-10T16:28:20","slug":"8-mars-2023-la-sen-interim-honore-ses-amazones","status":"publish","type":"post","link":"https:\/\/seninterim.sn\/index.php\/2023\/03\/10\/8-mars-2023-la-sen-interim-honore-ses-amazones\/","title":{"rendered":"8 mars 2023, la Sen Int\u00e9rim honore ses amazones"},"content":{"rendered":"\t\t<div data-elementor-type=\"wp-post\" data-elementor-id=\"5196\" class=\"elementor elementor-5196\">\n\t\t\t\t\t\t<section class=\"elementor-section elementor-top-section elementor-element elementor-element-811fb9e elementor-section-boxed elementor-section-height-default elementor-section-height-default\" data-id=\"811fb9e\" data-element_type=\"section\">\n\t\t\t\t\t\t<div class=\"elementor-container elementor-column-gap-default\">\n\t\t\t\t\t<div class=\"elementor-column elementor-col-100 elementor-top-column elementor-element elementor-element-9343ce5\" data-id=\"9343ce5\" data-element_type=\"column\">\n\t\t\t<div class=\"elementor-widget-wrap elementor-element-populated\">\n\t\t\t\t\t\t<div class=\"elementor-element elementor-element-b7b6719 elementor-widget elementor-widget-text-editor\" data-id=\"b7b6719\" data-element_type=\"widget\" data-widget_type=\"text-editor.default\">\n\t\t\t\t<div class=\"elementor-widget-container\">\n\t\t\t<style>\/*! elementor - v3.19.0 - 07-02-2024 *\/\n.elementor-widget-text-editor.elementor-drop-cap-view-stacked .elementor-drop-cap{background-color:#69727d;color:#fff}.elementor-widget-text-editor.elementor-drop-cap-view-framed .elementor-drop-cap{color:#69727d;border:3px solid;background-color:transparent}.elementor-widget-text-editor:not(.elementor-drop-cap-view-default) .elementor-drop-cap{margin-top:8px}.elementor-widget-text-editor:not(.elementor-drop-cap-view-default) .elementor-drop-cap-letter{width:1em;height:1em}.elementor-widget-text-editor .elementor-drop-cap{float:left;text-align:center;line-height:1;font-size:50px}.elementor-widget-text-editor .elementor-drop-cap-letter{display:inline-block}<\/style>\t\t\t\t<p><!-- wp:paragraph --><\/p>\n<p>En cette journ\u00e9e internationale de la femme , la SENINTERIM a \u00a0organis\u00e9 une grande f\u00eate pour honorer ses amazones. Ce fut un moment riche en \u00e9motions et surtout en partage. Nous souhaitons \u00e0 toutes les femmes du monde une joyeuse f\u00eate de la femme .<\/p>\n<p><!-- \/wp:paragraph --><!-- wp:columns --><\/p>\n<div class=\"wp-block-columns\"><!-- wp:column -->\n<div class=\"wp-block-column\"><!-- wp:gallery {\"linkTo\":\"none\"} -->\n<figure class=\"wp-block-gallery has-nested-images columns-default is-cropped\"><!-- wp:image {\"id\":5224,\"sizeSlug\":\"large\",\"linkDestination\":\"none\"} -->\n<figure class=\"wp-block-image size-large\"><\/figure>\n<!-- \/wp:image --><!-- wp:image {\"id\":5229,\"sizeSlug\":\"large\",\"linkDestination\":\"none\"} -->\n<figure class=\"wp-block-image size-large\"><\/figure>\n<!-- \/wp:image --><!-- wp:image {\"id\":5228,\"sizeSlug\":\"large\",\"linkDestination\":\"none\"} -->\n<figure class=\"wp-block-image size-large\"><\/figure>\n<!-- \/wp:image --><!-- wp:image {\"id\":5318,\"sizeSlug\":\"large\",\"linkDestination\":\"none\"} -->\n<figure class=\"wp-block-image size-large\"><\/figure>\n<!-- \/wp:image --><!-- wp:image {\"id\":5319,\"sizeSlug\":\"large\",\"linkDestination\":\"none\"} -->\n<figure class=\"wp-block-image size-large\"><\/figure>\n<!-- \/wp:image --><!-- wp:image {\"id\":5320,\"sizeSlug\":\"large\",\"linkDestination\":\"none\"} -->\n<figure class=\"wp-block-image size-large\"><\/figure>\n<!-- \/wp:image --><!-- wp:image {\"id\":5227,\"sizeSlug\":\"large\",\"linkDestination\":\"none\"} -->\n<figure class=\"wp-block-image size-large\"><\/figure>\n<!-- \/wp:image --><!-- wp:image {\"id\":5226,\"sizeSlug\":\"large\",\"linkDestination\":\"none\"} -->\n<figure class=\"wp-block-image size-large\"><\/figure>\n<!-- \/wp:image --><!-- wp:image {\"id\":5225,\"sizeSlug\":\"large\",\"linkDestination\":\"none\"} -->\n<figure class=\"wp-block-image size-large\"><\/figure>\n<!-- \/wp:image --><\/figure>\n<!-- \/wp:gallery --><\/div>\n<!-- \/wp:column --><\/div>\n<p><!-- \/wp:columns --><!-- wp:columns --><\/p>\n<div class=\"wp-block-columns\"><!-- wp:column -->\n<div class=\"wp-block-column\"><!-- wp:gallery {\"linkTo\":\"none\"} -->\n<figure class=\"wp-block-gallery has-nested-images columns-default is-cropped\"><!-- wp:image {\"id\":5315,\"sizeSlug\":\"large\",\"linkDestination\":\"none\"} -->\n<figure class=\"wp-block-image size-large\"><\/figure>\n<!-- \/wp:image --><\/figure>\n<!-- \/wp:gallery --><\/div>\n<!-- \/wp:column --><!-- wp:column -->\n<div class=\"wp-block-column\"><!-- wp:gallery {\"linkTo\":\"none\"} -->\n<figure class=\"wp-block-gallery has-nested-images columns-default is-cropped\"><!-- wp:image {\"id\":5316,\"sizeSlug\":\"large\",\"linkDestination\":\"none\"} -->\n<figure class=\"wp-block-image size-large\"><\/figure>\n<!-- \/wp:image --><\/figure>\n<!-- \/wp:gallery --><\/div>\n<!-- \/wp:column --><!-- wp:column -->\n<div class=\"wp-block-column\"><!-- wp:gallery {\"linkTo\":\"none\"} -->\n<figure class=\"wp-block-gallery has-nested-images columns-default is-cropped\"><!-- wp:image {\"id\":5317,\"sizeSlug\":\"large\",\"linkDestination\":\"none\"} -->\n<figure class=\"wp-block-image size-large\"><\/figure>\n<!-- \/wp:image --><\/figure>\n<!-- \/wp:gallery --><\/div>\n<!-- \/wp:column --><\/div>\n<p><!-- \/wp:columns --><\/p>\t\t\t\t\t\t<\/div>\n\t\t\t\t<\/div>\n\t\t\t\t\t<\/div>\n\t\t<\/div>\n\t\t\t\t\t<\/div>\n\t\t<\/section>\n\t\t\n        \t\t<section class=\"elementor-section elementor-top-section elementor-element elementor-element-ed9e38b elementor-section-boxed elementor-section-height-default elementor-section-height-default\" data-id=\"ed9e38b\" data-element_type=\"section\">\n\t\t\t\t\t\t<div class=\"elementor-container elementor-column-gap-default\">\n\t\t\t\t\t<div class=\"elementor-column elementor-col-100 elementor-top-column elementor-element elementor-element-d8fcf35\" data-id=\"d8fcf35\" data-element_type=\"column\">\n\t\t\t<div class=\"elementor-widget-wrap elementor-element-populated\">\n\t\t\t\t\t\t<div class=\"elementor-element elementor-element-12910b4 elementor-arrows-position-inside elementor-pagination-position-outside elementor-widget elementor-widget-image-carousel\" data-id=\"12910b4\" data-element_type=\"widget\" data-settings=\"{&quot;slides_to_show&quot;:&quot;1&quot;,&quot;navigation&quot;:&quot;both&quot;,&quot;autoplay&quot;:&quot;yes&quot;,&quot;pause_on_hover&quot;:&quot;yes&quot;,&quot;pause_on_interaction&quot;:&quot;yes&quot;,&quot;autoplay_speed&quot;:5000,&quot;infinite&quot;:&quot;yes&quot;,&quot;effect&quot;:&quot;slide&quot;,&quot;speed&quot;:500}\" data-widget_type=\"image-carousel.default\">\n\t\t\t\t<div class=\"elementor-widget-container\">\n\t\t\t<style>\/*! elementor - v3.19.0 - 07-02-2024 *\/\n.elementor-widget-image-carousel .swiper,.elementor-widget-image-carousel .swiper-container{position:static}.elementor-widget-image-carousel .swiper-container .swiper-slide figure,.elementor-widget-image-carousel .swiper .swiper-slide figure{line-height:inherit}.elementor-widget-image-carousel .swiper-slide{text-align:center}.elementor-image-carousel-wrapper:not(.swiper-container-initialized):not(.swiper-initialized) .swiper-slide{max-width:calc(100% \/ var(--e-image-carousel-slides-to-show, 3))}<\/style>\t\t<div class=\"elementor-image-carousel-wrapper swiper-container\" dir=\"ltr\">\n\t\t\t<div class=\"elementor-image-carousel swiper-wrapper\" aria-live=\"off\">\n\t\t\t\t\t\t\t\t<div class=\"swiper-slide\" role=\"group\" aria-roledescription=\"slide\" aria-label=\"1 sur 23\"><figure class=\"swiper-slide-inner\"><img decoding=\"async\" class=\"swiper-slide-image\" src=\"https:\/\/seninterim.sn\/wp-content\/uploads\/2023\/03\/IMG-20230309-WA0000-3.jpg\" alt=\"IMG-20230309-WA0000-3\" \/><\/figure><\/div><div class=\"swiper-slide\" role=\"group\" aria-roledescription=\"slide\" aria-label=\"2 sur 23\"><figure class=\"swiper-slide-inner\"><img decoding=\"async\" class=\"swiper-slide-image\" src=\"https:\/\/seninterim.sn\/wp-content\/uploads\/2023\/03\/IMG-20230309-WA0002-3.jpg\" alt=\"IMG-20230309-WA0002-3\" \/><\/figure><\/div><div class=\"swiper-slide\" role=\"group\" aria-roledescription=\"slide\" aria-label=\"3 sur 23\"><figure class=\"swiper-slide-inner\"><img decoding=\"async\" class=\"swiper-slide-image\" src=\"https:\/\/seninterim.sn\/wp-content\/uploads\/2023\/03\/IMG_0341-2-1536x863.jpg\" alt=\"IMG_0341-2\" \/><\/figure><\/div><div class=\"swiper-slide\" role=\"group\" aria-roledescription=\"slide\" aria-label=\"4 sur 23\"><figure class=\"swiper-slide-inner\"><img decoding=\"async\" class=\"swiper-slide-image\" src=\"https:\/\/seninterim.sn\/wp-content\/uploads\/2023\/03\/IMG_0329-1-1536x863.jpg\" alt=\"IMG_0329-1\" \/><\/figure><\/div><div class=\"swiper-slide\" role=\"group\" aria-roledescription=\"slide\" aria-label=\"5 sur 23\"><figure class=\"swiper-slide-inner\"><img decoding=\"async\" class=\"swiper-slide-image\" src=\"https:\/\/seninterim.sn\/wp-content\/uploads\/2023\/03\/IMG_0304-1-1536x1152.jpg\" alt=\"8 mars 2023, la Sen Int\u00e9rim honore ses amazones\" \/><\/figure><\/div><div class=\"swiper-slide\" role=\"group\" aria-roledescription=\"slide\" aria-label=\"6 sur 23\"><figure class=\"swiper-slide-inner\"><img decoding=\"async\" class=\"swiper-slide-image\" src=\"https:\/\/seninterim.sn\/wp-content\/uploads\/2023\/03\/IMG_0307-2-1536x863.jpg\" alt=\"IMG_0307-2\" \/><\/figure><\/div><div class=\"swiper-slide\" role=\"group\" aria-roledescription=\"slide\" aria-label=\"7 sur 23\"><figure class=\"swiper-slide-inner\"><img decoding=\"async\" class=\"swiper-slide-image\" src=\"https:\/\/seninterim.sn\/wp-content\/uploads\/2023\/03\/IMG_0329.jpg\" alt=\"IMG_0329\" \/><\/figure><\/div><div class=\"swiper-slide\" role=\"group\" aria-roledescription=\"slide\" aria-label=\"8 sur 23\"><figure class=\"swiper-slide-inner\"><img decoding=\"async\" class=\"swiper-slide-image\" src=\"https:\/\/seninterim.sn\/wp-content\/uploads\/2023\/03\/IMG_0307-1536x863.jpg\" alt=\"IMG_0307\" \/><\/figure><\/div><div class=\"swiper-slide\" role=\"group\" aria-roledescription=\"slide\" aria-label=\"9 sur 23\"><figure class=\"swiper-slide-inner\"><img decoding=\"async\" class=\"swiper-slide-image\" src=\"https:\/\/seninterim.sn\/wp-content\/uploads\/2023\/03\/IMG-20230309-WA0002-2.jpg\" alt=\"IMG-20230309-WA0002-2\" \/><\/figure><\/div><div class=\"swiper-slide\" role=\"group\" aria-roledescription=\"slide\" aria-label=\"10 sur 23\"><figure class=\"swiper-slide-inner\"><img decoding=\"async\" class=\"swiper-slide-image\" src=\"https:\/\/seninterim.sn\/wp-content\/uploads\/2023\/03\/IMG_0313-1536x863.jpg\" alt=\"IMG_0313\" \/><\/figure><\/div><div class=\"swiper-slide\" role=\"group\" aria-roledescription=\"slide\" aria-label=\"11 sur 23\"><figure class=\"swiper-slide-inner\"><img decoding=\"async\" class=\"swiper-slide-image\" src=\"https:\/\/seninterim.sn\/wp-content\/uploads\/2023\/03\/IMG_0341-1-1536x863.jpg\" alt=\"IMG_0341-1\" \/><\/figure><\/div><div class=\"swiper-slide\" role=\"group\" aria-roledescription=\"slide\" aria-label=\"12 sur 23\"><figure class=\"swiper-slide-inner\"><img decoding=\"async\" class=\"swiper-slide-image\" src=\"https:\/\/seninterim.sn\/wp-content\/uploads\/2023\/03\/IMG_0318-1-1536x863.jpg\" alt=\"IMG_0318-1\" \/><\/figure><\/div><div class=\"swiper-slide\" role=\"group\" aria-roledescription=\"slide\" aria-label=\"13 sur 23\"><figure class=\"swiper-slide-inner\"><img decoding=\"async\" class=\"swiper-slide-image\" src=\"https:\/\/seninterim.sn\/wp-content\/uploads\/2023\/03\/IMG_0314-1.jpg\" alt=\"IMG_0314-1\" \/><\/figure><\/div><div class=\"swiper-slide\" role=\"group\" aria-roledescription=\"slide\" aria-label=\"14 sur 23\"><figure class=\"swiper-slide-inner\"><img decoding=\"async\" class=\"swiper-slide-image\" src=\"https:\/\/seninterim.sn\/wp-content\/uploads\/2023\/03\/IMG_0320-1-scaled.jpg\" alt=\"IMG_0320-1\" \/><\/figure><\/div><div class=\"swiper-slide\" role=\"group\" aria-roledescription=\"slide\" aria-label=\"15 sur 23\"><figure class=\"swiper-slide-inner\"><img decoding=\"async\" class=\"swiper-slide-image\" src=\"https:\/\/seninterim.sn\/wp-content\/uploads\/2023\/03\/IMG-20230309-WA0010-1.jpg\" alt=\"IMG-20230309-WA0010-1\" \/><\/figure><\/div><div class=\"swiper-slide\" role=\"group\" aria-roledescription=\"slide\" aria-label=\"16 sur 23\"><figure class=\"swiper-slide-inner\"><img decoding=\"async\" class=\"swiper-slide-image\" src=\"https:\/\/seninterim.sn\/wp-content\/uploads\/2023\/03\/IMG_0332.jpg\" alt=\"IMG_0332\" \/><\/figure><\/div><div class=\"swiper-slide\" role=\"group\" aria-roledescription=\"slide\" aria-label=\"17 sur 23\"><figure class=\"swiper-slide-inner\"><img decoding=\"async\" class=\"swiper-slide-image\" src=\"https:\/\/seninterim.sn\/wp-content\/uploads\/2023\/03\/IMG_0334-scaled.jpg\" alt=\"IMG_0334\" \/><\/figure><\/div><div class=\"swiper-slide\" role=\"group\" aria-roledescription=\"slide\" aria-label=\"18 sur 23\"><figure class=\"swiper-slide-inner\"><img decoding=\"async\" class=\"swiper-slide-image\" src=\"https:\/\/seninterim.sn\/wp-content\/uploads\/2023\/03\/IMG-20230309-WA0003-1.jpg\" alt=\"IMG-20230309-WA0003-1\" \/><\/figure><\/div><div class=\"swiper-slide\" role=\"group\" aria-roledescription=\"slide\" aria-label=\"19 sur 23\"><figure class=\"swiper-slide-inner\"><img decoding=\"async\" class=\"swiper-slide-image\" src=\"https:\/\/seninterim.sn\/wp-content\/uploads\/2023\/03\/IMG-20230309-WA0008-1.jpg\" alt=\"IMG-20230309-WA0008-1\" \/><\/figure><\/div><div class=\"swiper-slide\" role=\"group\" aria-roledescription=\"slide\" aria-label=\"20 sur 23\"><figure class=\"swiper-slide-inner\"><img decoding=\"async\" class=\"swiper-slide-image\" src=\"https:\/\/seninterim.sn\/wp-content\/uploads\/2023\/03\/IMG-20230309-WA0001-2.jpg\" alt=\"IMG-20230309-WA0001-2\" \/><\/figure><\/div><div class=\"swiper-slide\" role=\"group\" aria-roledescription=\"slide\" aria-label=\"21 sur 23\"><figure class=\"swiper-slide-inner\"><img decoding=\"async\" class=\"swiper-slide-image\" src=\"https:\/\/seninterim.sn\/wp-content\/uploads\/2023\/03\/IMG-20230309-WA0002-1.jpg\" alt=\"IMG-20230309-WA0002-1\" \/><\/figure><\/div><div class=\"swiper-slide\" role=\"group\" aria-roledescription=\"slide\" aria-label=\"22 sur 23\"><figure class=\"swiper-slide-inner\"><img decoding=\"async\" class=\"swiper-slide-image\" src=\"https:\/\/seninterim.sn\/wp-content\/uploads\/2023\/03\/IMG-20230309-WA0011-1.jpg\" alt=\"IMG-20230309-WA0011-1\" \/><\/figure><\/div><div class=\"swiper-slide\" role=\"group\" aria-roledescription=\"slide\" aria-label=\"23 sur 23\"><figure class=\"swiper-slide-inner\"><img decoding=\"async\" class=\"swiper-slide-image\" src=\"https:\/\/seninterim.sn\/wp-content\/uploads\/2023\/03\/IMG-20230309-WA0004-1.jpg\" alt=\"IMG-20230309-WA0004-1\" \/><\/figure><\/div>\t\t\t<\/div>\n\t\t\t\t\t\t\t\t\t\t\t\t<div class=\"elementor-swiper-button elementor-swiper-button-prev\" role=\"button\" tabindex=\"0\">\n\t\t\t\t\t\t<i aria-hidden=\"true\" class=\"eicon-chevron-left\"><\/i>\t\t\t\t\t<\/div>\n\t\t\t\t\t<div class=\"elementor-swiper-button elementor-swiper-button-next\" role=\"button\" tabindex=\"0\">\n\t\t\t\t\t\t<i aria-hidden=\"true\" class=\"eicon-chevron-right\"><\/i>\t\t\t\t\t<\/div>\n\t\t\t\t\n\t\t\t\t\t\t\t\t\t<div class=\"swiper-pagination\"><\/div>\n\t\t\t\t\t\t\t\t\t<\/div>\n\t\t\t\t<\/div>\n\t\t\t\t<\/div>\n\t\t\t\t\t<\/div>\n\t\t<\/div>\n\t\t\t\t\t<\/div>\n\t\t<\/section>\n\t\t\n        \t\t<\/div>\n\t\t\n    <div class=\"xs_social_share_widget xs_share_url after_content \t\tmain_content  wslu-style-1 wslu-share-box-shaped wslu-fill-colored wslu-none wslu-share-horizontal wslu-theme-font-no wslu-main_content\">\n\n\t\t\n        <ul>\n\t\t\t        <\/ul>\n    <\/div> \n","protected":false},"excerpt":{"rendered":"<p>En cette journ\u00e9e internationale de la femme , la SENINTERIM a \u00a0organis\u00e9 une grande f\u00eate pour honorer ses amazones. Ce fut un moment riche en \u00e9motions et surtout en partage. Nous souhaitons \u00e0 toutes les femmes du monde une joyeuse f\u00eate de la femme . Pr\u00e9c\u00e9dent Suivant<\/p>\n","protected":false},"author":1,"featured_media":5316,"comment_status":"open","ping_status":"open","sticky":false,"template":"","format":"standard","meta":{"footnotes":""},"categories":[93],"tags":[94],"class_list":["post-5196","post","type-post","status-publish","format-standard","has-post-thumbnail","hentry","category-evenement","tag-journee-internationale-des-droits-de-la-femme"],"yoast_head":"<!-- This site is optimized with the Yoast SEO plugin v22.0 - https:\/\/yoast.com\/wordpress\/plugins\/seo\/ -->\n<title>8 mars 2023, la Sen Int\u00e9rim honore ses amazones - Sen Interim<\/title>\n<meta name=\"robots\" content=\"index, follow, max-snippet:-1, max-image-preview:large, max-video-preview:-1\" \/>\n<link rel=\"canonical\" href=\"https:\/\/seninterim.sn\/index.php\/2023\/03\/10\/8-mars-2023-la-sen-interim-honore-ses-amazones\/\" \/>\n<meta property=\"og:locale\" content=\"fr_FR\" \/>\n<meta property=\"og:type\" content=\"article\" \/>\n<meta property=\"og:title\" content=\"8 mars 2023, la Sen Int\u00e9rim honore ses amazones - Sen Interim\" \/>\n<meta property=\"og:description\" content=\"En cette journ\u00e9e internationale de la femme , la SENINTERIM a \u00a0organis\u00e9 une grande f\u00eate pour honorer ses amazones. Ce fut un moment riche en \u00e9motions et surtout en partage. Nous souhaitons \u00e0 toutes les femmes du monde une joyeuse f\u00eate de la femme . Pr\u00e9c\u00e9dent Suivant\" \/>\n<meta property=\"og:url\" content=\"https:\/\/seninterim.sn\/index.php\/2023\/03\/10\/8-mars-2023-la-sen-interim-honore-ses-amazones\/\" \/>\n<meta property=\"og:site_name\" content=\"Sen Interim\" \/>\n<meta property=\"article:publisher\" content=\"https:\/\/www.facebook.com\/Senegalinterimaire\" \/>\n<meta property=\"article:published_time\" content=\"2023-03-10T16:04:15+00:00\" \/>\n<meta property=\"article:modified_time\" content=\"2023-03-10T16:28:20+00:00\" \/>\n<meta property=\"og:image\" content=\"https:\/\/seninterim.sn\/wp-content\/uploads\/2023\/03\/IMG_0304-1-scaled.jpg\" \/>\n\t<meta property=\"og:image:width\" content=\"2560\" \/>\n\t<meta property=\"og:image:height\" content=\"1920\" \/>\n\t<meta property=\"og:image:type\" content=\"image\/jpeg\" \/>\n<meta name=\"author\" content=\"admin8569\" \/>\n<meta name=\"twitter:card\" content=\"summary_large_image\" \/>\n<meta name=\"twitter:creator\" content=\"@sen_interim\" \/>\n<meta name=\"twitter:site\" content=\"@sen_interim\" \/>\n<meta name=\"twitter:label1\" content=\"\u00c9crit par\" \/>\n\t<meta name=\"twitter:data1\" content=\"admin8569\" \/>\n\t<meta name=\"twitter:label2\" content=\"Dur\u00e9e de lecture estim\u00e9e\" \/>\n\t<meta name=\"twitter:data2\" content=\"6 minutes\" \/>\n<script type=\"application\/ld+json\" class=\"yoast-schema-graph\">{\"@context\":\"https:\/\/schema.org\",\"@graph\":[{\"@type\":\"Article\",\"@id\":\"https:\/\/seninterim.sn\/index.php\/2023\/03\/10\/8-mars-2023-la-sen-interim-honore-ses-amazones\/#article\",\"isPartOf\":{\"@id\":\"https:\/\/seninterim.sn\/index.php\/2023\/03\/10\/8-mars-2023-la-sen-interim-honore-ses-amazones\/\"},\"author\":{\"name\":\"admin8569\",\"@id\":\"https:\/\/seninterim.sn\/#\/schema\/person\/9fe3368ca8afd4f9d043996713e5217d\"},\"headline\":\"8 mars 2023, la Sen Int\u00e9rim honore ses amazones\",\"datePublished\":\"2023-03-10T16:04:15+00:00\",\"dateModified\":\"2023-03-10T16:28:20+00:00\",\"mainEntityOfPage\":{\"@id\":\"https:\/\/seninterim.sn\/index.php\/2023\/03\/10\/8-mars-2023-la-sen-interim-honore-ses-amazones\/\"},\"wordCount\":57,\"commentCount\":0,\"publisher\":{\"@id\":\"https:\/\/seninterim.sn\/#organization\"},\"keywords\":[\"journ\u00e9e internationale des droits de la femme\"],\"articleSection\":[\"Ev\u00e9nement\"],\"inLanguage\":\"fr-FR\",\"potentialAction\":[{\"@type\":\"CommentAction\",\"name\":\"Comment\",\"target\":[\"https:\/\/seninterim.sn\/index.php\/2023\/03\/10\/8-mars-2023-la-sen-interim-honore-ses-amazones\/#respond\"]}]},{\"@type\":\"WebPage\",\"@id\":\"https:\/\/seninterim.sn\/index.php\/2023\/03\/10\/8-mars-2023-la-sen-interim-honore-ses-amazones\/\",\"url\":\"https:\/\/seninterim.sn\/index.php\/2023\/03\/10\/8-mars-2023-la-sen-interim-honore-ses-amazones\/\",\"name\":\"8 mars 2023, la Sen Int\u00e9rim honore ses amazones - Sen Interim\",\"isPartOf\":{\"@id\":\"https:\/\/seninterim.sn\/#website\"},\"datePublished\":\"2023-03-10T16:04:15+00:00\",\"dateModified\":\"2023-03-10T16:28:20+00:00\",\"breadcrumb\":{\"@id\":\"https:\/\/seninterim.sn\/index.php\/2023\/03\/10\/8-mars-2023-la-sen-interim-honore-ses-amazones\/#breadcrumb\"},\"inLanguage\":\"fr-FR\",\"potentialAction\":[{\"@type\":\"ReadAction\",\"target\":[\"https:\/\/seninterim.sn\/index.php\/2023\/03\/10\/8-mars-2023-la-sen-interim-honore-ses-amazones\/\"]}]},{\"@type\":\"BreadcrumbList\",\"@id\":\"https:\/\/seninterim.sn\/index.php\/2023\/03\/10\/8-mars-2023-la-sen-interim-honore-ses-amazones\/#breadcrumb\",\"itemListElement\":[{\"@type\":\"ListItem\",\"position\":1,\"name\":\"Home\",\"item\":\"https:\/\/seninterim.sn\/\"},{\"@type\":\"ListItem\",\"position\":2,\"name\":\"8 mars 2023, la Sen Int\u00e9rim honore ses amazones\"}]},{\"@type\":\"WebSite\",\"@id\":\"https:\/\/seninterim.sn\/#website\",\"url\":\"https:\/\/seninterim.sn\/\",\"name\":\"Sen Interim\",\"description\":\"Recruter est un plaisir\",\"publisher\":{\"@id\":\"https:\/\/seninterim.sn\/#organization\"},\"potentialAction\":[{\"@type\":\"SearchAction\",\"target\":{\"@type\":\"EntryPoint\",\"urlTemplate\":\"https:\/\/seninterim.sn\/?s={search_term_string}\"},\"query-input\":\"required name=search_term_string\"}],\"inLanguage\":\"fr-FR\"},{\"@type\":\"Organization\",\"@id\":\"https:\/\/seninterim.sn\/#organization\",\"name\":\"Sen Interim\",\"url\":\"https:\/\/seninterim.sn\/\",\"logo\":{\"@type\":\"ImageObject\",\"inLanguage\":\"fr-FR\",\"@id\":\"https:\/\/seninterim.sn\/#\/schema\/logo\/image\/\",\"url\":\"https:\/\/seninterim.sn\/wp-content\/uploads\/2022\/07\/cropped-cropped-telechargement-removebg-preview.png\",\"contentUrl\":\"https:\/\/seninterim.sn\/wp-content\/uploads\/2022\/07\/cropped-cropped-telechargement-removebg-preview.png\",\"width\":100,\"height\":100,\"caption\":\"Sen Interim\"},\"image\":{\"@id\":\"https:\/\/seninterim.sn\/#\/schema\/logo\/image\/\"},\"sameAs\":[\"https:\/\/www.facebook.com\/Senegalinterimaire\",\"https:\/\/twitter.com\/sen_interim\"]},{\"@type\":\"Person\",\"@id\":\"https:\/\/seninterim.sn\/#\/schema\/person\/9fe3368ca8afd4f9d043996713e5217d\",\"name\":\"admin8569\",\"image\":{\"@type\":\"ImageObject\",\"inLanguage\":\"fr-FR\",\"@id\":\"https:\/\/seninterim.sn\/#\/schema\/person\/image\/\",\"url\":\"https:\/\/secure.gravatar.com\/avatar\/7b56fab97e9f9e1d4c2799b917397405830d443145d72d0096d9abc4999ae2b3?s=96&d=mm&r=g\",\"contentUrl\":\"https:\/\/secure.gravatar.com\/avatar\/7b56fab97e9f9e1d4c2799b917397405830d443145d72d0096d9abc4999ae2b3?s=96&d=mm&r=g\",\"caption\":\"admin8569\"},\"sameAs\":[\"https:\/\/seninterim.sn\"],\"url\":\"https:\/\/seninterim.sn\/index.php\/author\/admin8569\/\"}]}<\/script>\n<!-- \/ Yoast SEO plugin. -->","yoast_head_json":{"title":"8 mars 2023, la Sen Int\u00e9rim honore ses amazones - Sen Interim","robots":{"index":"index","follow":"follow","max-snippet":"max-snippet:-1","max-image-preview":"max-image-preview:large","max-video-preview":"max-video-preview:-1"},"canonical":"https:\/\/seninterim.sn\/index.php\/2023\/03\/10\/8-mars-2023-la-sen-interim-honore-ses-amazones\/","og_locale":"fr_FR","og_type":"article","og_title":"8 mars 2023, la Sen Int\u00e9rim honore ses amazones - Sen Interim","og_description":"En cette journ\u00e9e internationale de la femme , la SENINTERIM a \u00a0organis\u00e9 une grande f\u00eate pour honorer ses amazones. Ce fut un moment riche en \u00e9motions et surtout en partage. Nous souhaitons \u00e0 toutes les femmes du monde une joyeuse f\u00eate de la femme . Pr\u00e9c\u00e9dent Suivant","og_url":"https:\/\/seninterim.sn\/index.php\/2023\/03\/10\/8-mars-2023-la-sen-interim-honore-ses-amazones\/","og_site_name":"Sen Interim","article_publisher":"https:\/\/www.facebook.com\/Senegalinterimaire","article_published_time":"2023-03-10T16:04:15+00:00","article_modified_time":"2023-03-10T16:28:20+00:00","og_image":[{"width":2560,"height":1920,"url":"https:\/\/seninterim.sn\/wp-content\/uploads\/2023\/03\/IMG_0304-1-scaled.jpg","type":"image\/jpeg"}],"author":"admin8569","twitter_card":"summary_large_image","twitter_creator":"@sen_interim","twitter_site":"@sen_interim","twitter_misc":{"\u00c9crit par":"admin8569","Dur\u00e9e de lecture estim\u00e9e":"6 minutes"},"schema":{"@context":"https:\/\/schema.org","@graph":[{"@type":"Article","@id":"https:\/\/seninterim.sn\/index.php\/2023\/03\/10\/8-mars-2023-la-sen-interim-honore-ses-amazones\/#article","isPartOf":{"@id":"https:\/\/seninterim.sn\/index.php\/2023\/03\/10\/8-mars-2023-la-sen-interim-honore-ses-amazones\/"},"author":{"name":"admin8569","@id":"https:\/\/seninterim.sn\/#\/schema\/person\/9fe3368ca8afd4f9d043996713e5217d"},"headline":"8 mars 2023, la Sen Int\u00e9rim honore ses amazones","datePublished":"2023-03-10T16:04:15+00:00","dateModified":"2023-03-10T16:28:20+00:00","mainEntityOfPage":{"@id":"https:\/\/seninterim.sn\/index.php\/2023\/03\/10\/8-mars-2023-la-sen-interim-honore-ses-amazones\/"},"wordCount":57,"commentCount":0,"publisher":{"@id":"https:\/\/seninterim.sn\/#organization"},"keywords":["journ\u00e9e internationale des droits de la femme"],"articleSection":["Ev\u00e9nement"],"inLanguage":"fr-FR","potentialAction":[{"@type":"CommentAction","name":"Comment","target":["https:\/\/seninterim.sn\/index.php\/2023\/03\/10\/8-mars-2023-la-sen-interim-honore-ses-amazones\/#respond"]}]},{"@type":"WebPage","@id":"https:\/\/seninterim.sn\/index.php\/2023\/03\/10\/8-mars-2023-la-sen-interim-honore-ses-amazones\/","url":"https:\/\/seninterim.sn\/index.php\/2023\/03\/10\/8-mars-2023-la-sen-interim-honore-ses-amazones\/","name":"8 mars 2023, la Sen Int\u00e9rim honore ses amazones - Sen Interim","isPartOf":{"@id":"https:\/\/seninterim.sn\/#website"},"datePublished":"2023-03-10T16:04:15+00:00","dateModified":"2023-03-10T16:28:20+00:00","breadcrumb":{"@id":"https:\/\/seninterim.sn\/index.php\/2023\/03\/10\/8-mars-2023-la-sen-interim-honore-ses-amazones\/#breadcrumb"},"inLanguage":"fr-FR","potentialAction":[{"@type":"ReadAction","target":["https:\/\/seninterim.sn\/index.php\/2023\/03\/10\/8-mars-2023-la-sen-interim-honore-ses-amazones\/"]}]},{"@type":"BreadcrumbList","@id":"https:\/\/seninterim.sn\/index.php\/2023\/03\/10\/8-mars-2023-la-sen-interim-honore-ses-amazones\/#breadcrumb","itemListElement":[{"@type":"ListItem","position":1,"name":"Home","item":"https:\/\/seninterim.sn\/"},{"@type":"ListItem","position":2,"name":"8 mars 2023, la Sen Int\u00e9rim honore ses amazones"}]},{"@type":"WebSite","@id":"https:\/\/seninterim.sn\/#website","url":"https:\/\/seninterim.sn\/","name":"Sen Interim","description":"Recruter est un plaisir","publisher":{"@id":"https:\/\/seninterim.sn\/#organization"},"potentialAction":[{"@type":"SearchAction","target":{"@type":"EntryPoint","urlTemplate":"https:\/\/seninterim.sn\/?s={search_term_string}"},"query-input":"required name=search_term_string"}],"inLanguage":"fr-FR"},{"@type":"Organization","@id":"https:\/\/seninterim.sn\/#organization","name":"Sen Interim","url":"https:\/\/seninterim.sn\/","logo":{"@type":"ImageObject","inLanguage":"fr-FR","@id":"https:\/\/seninterim.sn\/#\/schema\/logo\/image\/","url":"https:\/\/seninterim.sn\/wp-content\/uploads\/2022\/07\/cropped-cropped-telechargement-removebg-preview.png","contentUrl":"https:\/\/seninterim.sn\/wp-content\/uploads\/2022\/07\/cropped-cropped-telechargement-removebg-preview.png","width":100,"height":100,"caption":"Sen Interim"},"image":{"@id":"https:\/\/seninterim.sn\/#\/schema\/logo\/image\/"},"sameAs":["https:\/\/www.facebook.com\/Senegalinterimaire","https:\/\/twitter.com\/sen_interim"]},{"@type":"Person","@id":"https:\/\/seninterim.sn\/#\/schema\/person\/9fe3368ca8afd4f9d043996713e5217d","name":"admin8569","image":{"@type":"ImageObject","inLanguage":"fr-FR","@id":"https:\/\/seninterim.sn\/#\/schema\/person\/image\/","url":"https:\/\/secure.gravatar.com\/avatar\/7b56fab97e9f9e1d4c2799b917397405830d443145d72d0096d9abc4999ae2b3?s=96&d=mm&r=g","contentUrl":"https:\/\/secure.gravatar.com\/avatar\/7b56fab97e9f9e1d4c2799b917397405830d443145d72d0096d9abc4999ae2b3?s=96&d=mm&r=g","caption":"admin8569"},"sameAs":["https:\/\/seninterim.sn"],"url":"https:\/\/seninterim.sn\/index.php\/author\/admin8569\/"}]}},"_links":{"self":[{"href":"https:\/\/seninterim.sn\/index.php\/wp-json\/wp\/v2\/posts\/5196","targetHints":{"allow":["GET"]}}],"collection":[{"href":"https:\/\/seninterim.sn\/index.php\/wp-json\/wp\/v2\/posts"}],"about":[{"href":"https:\/\/seninterim.sn\/index.php\/wp-json\/wp\/v2\/types\/post"}],"author":[{"embeddable":true,"href":"https:\/\/seninterim.sn\/index.php\/wp-json\/wp\/v2\/users\/1"}],"replies":[{"embeddable":true,"href":"https:\/\/seninterim.sn\/index.php\/wp-json\/wp\/v2\/comments?post=5196"}],"version-history":[{"count":18,"href":"https:\/\/seninterim.sn\/index.php\/wp-json\/wp\/v2\/posts\/5196\/revisions"}],"predecessor-version":[{"id":5340,"href":"https:\/\/seninterim.sn\/index.php\/wp-json\/wp\/v2\/posts\/5196\/revisions\/5340"}],"wp:featuredmedia":[{"embeddable":true,"href":"https:\/\/seninterim.sn\/index.php\/wp-json\/wp\/v2\/media\/5316"}],"wp:attachment":[{"href":"https:\/\/seninterim.sn\/index.php\/wp-json\/wp\/v2\/media?parent=5196"}],"wp:term":[{"taxonomy":"category","embeddable":true,"href":"https:\/\/seninterim.sn\/index.php\/wp-json\/wp\/v2\/categories?post=5196"},{"taxonomy":"post_tag","embeddable":true,"href":"https:\/\/seninterim.sn\/index.php\/wp-json\/wp\/v2\/tags?post=5196"}],"curies":[{"name":"wp","href":"https:\/\/api.w.org\/{rel}","templated":true}]}}