{"id":5135,"date":"2023-03-09T11:41:44","date_gmt":"2023-03-09T10:41:44","guid":{"rendered":"https:\/\/seninterim.sn\/?p=5135"},"modified":"2023-03-10T10:26:54","modified_gmt":"2023-03-10T09:26:54","slug":"la-seninterim-au-lancement-officiel-de-la-marque-senegal-numerique-sa-senum-ex-adie","status":"publish","type":"post","link":"https:\/\/seninterim.sn\/index.php\/2023\/03\/09\/la-seninterim-au-lancement-officiel-de-la-marque-senegal-numerique-sa-senum-ex-adie\/","title":{"rendered":"La SENINTERIM au lancement officiel de la marque SENEGAL NUMERIQUE SA (SENUM) ex ADIE"},"content":{"rendered":"\n<p>La <strong>SENINTERIM<\/strong> \u00e9tait pr\u00e9sent au lancement officiel de la marque <strong>SENEGAL NUMERIQUE SA (SENUM) ex ADIE<\/strong>, pour montrer son soutien.<br>La <strong>SENINTERIM<\/strong> est toujours pr\u00eat ACCOMPAGNER ses CLIENTS DANS LA R\u00c9ALISATION DE LEURS PROJETS ET L&rsquo;AM\u00c9LIORATION DE LEURS PRATIQUES.<\/p>\n\n\n\n<div class=\"wp-block-columns is-layout-flex wp-container-core-columns-is-layout-9d6595d7 wp-block-columns-is-layout-flex\">\n<div class=\"wp-block-column is-layout-flow wp-block-column-is-layout-flow\" style=\"flex-basis:100%\"><\/div>\n<\/div>\n\n\n\n<div class=\"wp-block-columns is-layout-flex wp-container-core-columns-is-layout-9d6595d7 wp-block-columns-is-layout-flex\">\n<div class=\"wp-block-column is-layout-flow wp-block-column-is-layout-flow\" style=\"flex-basis:100%\">\n<p><\/p>\n\n\n\n<figure class=\"wp-block-image aligncenter size-full is-resized\"><img fetchpriority=\"high\" decoding=\"async\" src=\"https:\/\/seninterim.sn\/wp-content\/uploads\/2023\/03\/img-20230221-wa0000-1.jpg\" alt=\"\" class=\"wp-image-5143\" width=\"596\" height=\"1059\" srcset=\"https:\/\/seninterim.sn\/wp-content\/uploads\/2023\/03\/img-20230221-wa0000-1.jpg 540w, https:\/\/seninterim.sn\/wp-content\/uploads\/2023\/03\/img-20230221-wa0000-1-169x300.jpg 169w, https:\/\/seninterim.sn\/wp-content\/uploads\/2023\/03\/img-20230221-wa0000-1-323x574.jpg 323w, https:\/\/seninterim.sn\/wp-content\/uploads\/2023\/03\/img-20230221-wa0000-1-440x782.jpg 440w\" sizes=\"(max-width: 596px) 100vw, 596px\" \/><\/figure>\n\n\n\n<p><\/p>\n\n\n\n<figure class=\"wp-block-image aligncenter size-large is-resized is-style-default\"><img decoding=\"async\" src=\"https:\/\/seninterim.sn\/wp-content\/uploads\/2023\/03\/20230223_122003-472x1024.jpg\" alt=\"\" class=\"wp-image-5144\" width=\"539\" height=\"1169\" srcset=\"https:\/\/seninterim.sn\/wp-content\/uploads\/2023\/03\/20230223_122003-472x1024.jpg 472w, https:\/\/seninterim.sn\/wp-content\/uploads\/2023\/03\/20230223_122003-138x300.jpg 138w, https:\/\/seninterim.sn\/wp-content\/uploads\/2023\/03\/20230223_122003-709x1536.jpg 709w, https:\/\/seninterim.sn\/wp-content\/uploads\/2023\/03\/20230223_122003-945x2048.jpg 945w, https:\/\/seninterim.sn\/wp-content\/uploads\/2023\/03\/20230223_122003-878x1903.jpg 878w, https:\/\/seninterim.sn\/wp-content\/uploads\/2023\/03\/20230223_122003-323x700.jpg 323w, https:\/\/seninterim.sn\/wp-content\/uploads\/2023\/03\/20230223_122003-440x954.jpg 440w, https:\/\/seninterim.sn\/wp-content\/uploads\/2023\/03\/20230223_122003-675x1463.jpg 675w, https:\/\/seninterim.sn\/wp-content\/uploads\/2023\/03\/20230223_122003-scaled.jpg 1181w\" sizes=\"(max-width: 539px) 100vw, 539px\" \/><\/figure>\n<\/div>\n<\/div>\n\n\n\n<figure class=\"wp-block-image aligncenter size-full\"><img decoding=\"async\" width=\"540\" height=\"960\" src=\"https:\/\/seninterim.sn\/wp-content\/uploads\/2023\/03\/img-20230221-wa0000-e1678365497512.jpg\" alt=\"lancement officiel de la marque SENEGAL NUMERIQUE SA\" class=\"wp-image-5141\" srcset=\"https:\/\/seninterim.sn\/wp-content\/uploads\/2023\/03\/img-20230221-wa0000-e1678365497512.jpg 540w, https:\/\/seninterim.sn\/wp-content\/uploads\/2023\/03\/img-20230221-wa0000-e1678365497512-169x300.jpg 169w, https:\/\/seninterim.sn\/wp-content\/uploads\/2023\/03\/img-20230221-wa0000-e1678365497512-323x574.jpg 323w, https:\/\/seninterim.sn\/wp-content\/uploads\/2023\/03\/img-20230221-wa0000-e1678365497512-440x782.jpg 440w\" sizes=\"(max-width: 540px) 100vw, 540px\" \/><\/figure>\n\n    <div class=\"xs_social_share_widget xs_share_url after_content \t\tmain_content  wslu-style-1 wslu-share-box-shaped wslu-fill-colored wslu-none wslu-share-horizontal wslu-theme-font-no wslu-main_content\">\n\n\t\t\n        <ul>\n\t\t\t        <\/ul>\n    <\/div> \n","protected":false},"excerpt":{"rendered":"<p>La SENINTERIM \u00e9tait pr\u00e9sent au lancement officiel de la marque SENEGAL NUMERIQUE SA (SENUM) ex ADIE, pour montrer son soutien.La SENINTERIM est toujours pr\u00eat ACCOMPAGNER ses CLIENTS DANS LA R\u00c9ALISATION DE LEURS PROJETS ET L&rsquo;AM\u00c9LIORATION DE LEURS PRATIQUES.<\/p>\n","protected":false},"author":1,"featured_media":5183,"comment_status":"open","ping_status":"open","sticky":false,"template":"","format":"standard","meta":{"footnotes":""},"categories":[87],"tags":[88],"class_list":["post-5135","post","type-post","status-publish","format-standard","has-post-thumbnail","hentry","category-forum-numerique","tag-senegal-numerique-sa-senum-ex-adie"],"yoast_head":"<!-- This site is optimized with the Yoast SEO plugin v22.0 - https:\/\/yoast.com\/wordpress\/plugins\/seo\/ -->\n<title>La SENINTERIM au lancement officiel de la marque SENEGAL NUMERIQUE SA (SENUM) ex ADIE - Sen Interim<\/title>\n<meta name=\"robots\" content=\"index, follow, max-snippet:-1, max-image-preview:large, max-video-preview:-1\" \/>\n<link rel=\"canonical\" href=\"https:\/\/seninterim.sn\/index.php\/2023\/03\/09\/la-seninterim-au-lancement-officiel-de-la-marque-senegal-numerique-sa-senum-ex-adie\/\" \/>\n<meta property=\"og:locale\" content=\"fr_FR\" \/>\n<meta property=\"og:type\" content=\"article\" \/>\n<meta property=\"og:title\" content=\"La SENINTERIM au lancement officiel de la marque SENEGAL NUMERIQUE SA (SENUM) ex ADIE - Sen Interim\" \/>\n<meta property=\"og:description\" content=\"La SENINTERIM \u00e9tait pr\u00e9sent au lancement officiel de la marque SENEGAL NUMERIQUE SA (SENUM) ex ADIE, pour montrer son soutien.La SENINTERIM est toujours pr\u00eat ACCOMPAGNER ses CLIENTS DANS LA R\u00c9ALISATION DE LEURS PROJETS ET L&rsquo;AM\u00c9LIORATION DE LEURS PRATIQUES.\" \/>\n<meta property=\"og:url\" content=\"https:\/\/seninterim.sn\/index.php\/2023\/03\/09\/la-seninterim-au-lancement-officiel-de-la-marque-senegal-numerique-sa-senum-ex-adie\/\" \/>\n<meta property=\"og:site_name\" content=\"Sen Interim\" \/>\n<meta property=\"article:publisher\" content=\"https:\/\/www.facebook.com\/Senegalinterimaire\" \/>\n<meta property=\"article:published_time\" content=\"2023-03-09T10:41:44+00:00\" \/>\n<meta property=\"article:modified_time\" content=\"2023-03-10T09:26:54+00:00\" \/>\n<meta property=\"og:image\" content=\"https:\/\/seninterim.sn\/wp-content\/uploads\/2023\/03\/img-20230221-wa0000-3.jpg\" \/>\n\t<meta property=\"og:image:width\" content=\"539\" \/>\n\t<meta property=\"og:image:height\" content=\"617\" \/>\n\t<meta property=\"og:image:type\" content=\"image\/jpeg\" \/>\n<meta name=\"author\" content=\"admin8569\" \/>\n<meta name=\"twitter:card\" content=\"summary_large_image\" \/>\n<meta name=\"twitter:creator\" content=\"@sen_interim\" \/>\n<meta name=\"twitter:site\" content=\"@sen_interim\" \/>\n<meta name=\"twitter:label1\" content=\"\u00c9crit par\" \/>\n\t<meta name=\"twitter:data1\" content=\"admin8569\" \/>\n\t<meta name=\"twitter:label2\" content=\"Dur\u00e9e de lecture estim\u00e9e\" \/>\n\t<meta name=\"twitter:data2\" content=\"1 minute\" \/>\n<script type=\"application\/ld+json\" class=\"yoast-schema-graph\">{\"@context\":\"https:\/\/schema.org\",\"@graph\":[{\"@type\":\"Article\",\"@id\":\"https:\/\/seninterim.sn\/index.php\/2023\/03\/09\/la-seninterim-au-lancement-officiel-de-la-marque-senegal-numerique-sa-senum-ex-adie\/#article\",\"isPartOf\":{\"@id\":\"https:\/\/seninterim.sn\/index.php\/2023\/03\/09\/la-seninterim-au-lancement-officiel-de-la-marque-senegal-numerique-sa-senum-ex-adie\/\"},\"author\":{\"name\":\"admin8569\",\"@id\":\"https:\/\/seninterim.sn\/#\/schema\/person\/9fe3368ca8afd4f9d043996713e5217d\"},\"headline\":\"La SENINTERIM au lancement officiel de la marque SENEGAL NUMERIQUE SA (SENUM) ex ADIE\",\"datePublished\":\"2023-03-09T10:41:44+00:00\",\"dateModified\":\"2023-03-10T09:26:54+00:00\",\"mainEntityOfPage\":{\"@id\":\"https:\/\/seninterim.sn\/index.php\/2023\/03\/09\/la-seninterim-au-lancement-officiel-de-la-marque-senegal-numerique-sa-senum-ex-adie\/\"},\"wordCount\":57,\"commentCount\":0,\"publisher\":{\"@id\":\"https:\/\/seninterim.sn\/#organization\"},\"keywords\":[\"SENEGAL NUMERIQUE SA (SENUM) ex ADIE\"],\"articleSection\":[\"Forum num\u00e9rique\"],\"inLanguage\":\"fr-FR\",\"potentialAction\":[{\"@type\":\"CommentAction\",\"name\":\"Comment\",\"target\":[\"https:\/\/seninterim.sn\/index.php\/2023\/03\/09\/la-seninterim-au-lancement-officiel-de-la-marque-senegal-numerique-sa-senum-ex-adie\/#respond\"]}]},{\"@type\":\"WebPage\",\"@id\":\"https:\/\/seninterim.sn\/index.php\/2023\/03\/09\/la-seninterim-au-lancement-officiel-de-la-marque-senegal-numerique-sa-senum-ex-adie\/\",\"url\":\"https:\/\/seninterim.sn\/index.php\/2023\/03\/09\/la-seninterim-au-lancement-officiel-de-la-marque-senegal-numerique-sa-senum-ex-adie\/\",\"name\":\"La SENINTERIM au lancement officiel de la marque SENEGAL NUMERIQUE SA (SENUM) ex ADIE - Sen Interim\",\"isPartOf\":{\"@id\":\"https:\/\/seninterim.sn\/#website\"},\"datePublished\":\"2023-03-09T10:41:44+00:00\",\"dateModified\":\"2023-03-10T09:26:54+00:00\",\"breadcrumb\":{\"@id\":\"https:\/\/seninterim.sn\/index.php\/2023\/03\/09\/la-seninterim-au-lancement-officiel-de-la-marque-senegal-numerique-sa-senum-ex-adie\/#breadcrumb\"},\"inLanguage\":\"fr-FR\",\"potentialAction\":[{\"@type\":\"ReadAction\",\"target\":[\"https:\/\/seninterim.sn\/index.php\/2023\/03\/09\/la-seninterim-au-lancement-officiel-de-la-marque-senegal-numerique-sa-senum-ex-adie\/\"]}]},{\"@type\":\"BreadcrumbList\",\"@id\":\"https:\/\/seninterim.sn\/index.php\/2023\/03\/09\/la-seninterim-au-lancement-officiel-de-la-marque-senegal-numerique-sa-senum-ex-adie\/#breadcrumb\",\"itemListElement\":[{\"@type\":\"ListItem\",\"position\":1,\"name\":\"Home\",\"item\":\"https:\/\/seninterim.sn\/\"},{\"@type\":\"ListItem\",\"position\":2,\"name\":\"La SENINTERIM au lancement officiel de la marque SENEGAL NUMERIQUE SA (SENUM) ex ADIE\"}]},{\"@type\":\"WebSite\",\"@id\":\"https:\/\/seninterim.sn\/#website\",\"url\":\"https:\/\/seninterim.sn\/\",\"name\":\"Sen Interim\",\"description\":\"Recruter est un plaisir\",\"publisher\":{\"@id\":\"https:\/\/seninterim.sn\/#organization\"},\"potentialAction\":[{\"@type\":\"SearchAction\",\"target\":{\"@type\":\"EntryPoint\",\"urlTemplate\":\"https:\/\/seninterim.sn\/?s={search_term_string}\"},\"query-input\":\"required name=search_term_string\"}],\"inLanguage\":\"fr-FR\"},{\"@type\":\"Organization\",\"@id\":\"https:\/\/seninterim.sn\/#organization\",\"name\":\"Sen Interim\",\"url\":\"https:\/\/seninterim.sn\/\",\"logo\":{\"@type\":\"ImageObject\",\"inLanguage\":\"fr-FR\",\"@id\":\"https:\/\/seninterim.sn\/#\/schema\/logo\/image\/\",\"url\":\"https:\/\/seninterim.sn\/wp-content\/uploads\/2022\/07\/cropped-cropped-telechargement-removebg-preview.png\",\"contentUrl\":\"https:\/\/seninterim.sn\/wp-content\/uploads\/2022\/07\/cropped-cropped-telechargement-removebg-preview.png\",\"width\":100,\"height\":100,\"caption\":\"Sen Interim\"},\"image\":{\"@id\":\"https:\/\/seninterim.sn\/#\/schema\/logo\/image\/\"},\"sameAs\":[\"https:\/\/www.facebook.com\/Senegalinterimaire\",\"https:\/\/twitter.com\/sen_interim\"]},{\"@type\":\"Person\",\"@id\":\"https:\/\/seninterim.sn\/#\/schema\/person\/9fe3368ca8afd4f9d043996713e5217d\",\"name\":\"admin8569\",\"image\":{\"@type\":\"ImageObject\",\"inLanguage\":\"fr-FR\",\"@id\":\"https:\/\/seninterim.sn\/#\/schema\/person\/image\/\",\"url\":\"https:\/\/secure.gravatar.com\/avatar\/7b56fab97e9f9e1d4c2799b917397405830d443145d72d0096d9abc4999ae2b3?s=96&d=mm&r=g\",\"contentUrl\":\"https:\/\/secure.gravatar.com\/avatar\/7b56fab97e9f9e1d4c2799b917397405830d443145d72d0096d9abc4999ae2b3?s=96&d=mm&r=g\",\"caption\":\"admin8569\"},\"sameAs\":[\"https:\/\/seninterim.sn\"],\"url\":\"https:\/\/seninterim.sn\/index.php\/author\/admin8569\/\"}]}<\/script>\n<!-- \/ Yoast SEO plugin. -->","yoast_head_json":{"title":"La SENINTERIM au lancement officiel de la marque SENEGAL NUMERIQUE SA (SENUM) ex ADIE - Sen Interim","robots":{"index":"index","follow":"follow","max-snippet":"max-snippet:-1","max-image-preview":"max-image-preview:large","max-video-preview":"max-video-preview:-1"},"canonical":"https:\/\/seninterim.sn\/index.php\/2023\/03\/09\/la-seninterim-au-lancement-officiel-de-la-marque-senegal-numerique-sa-senum-ex-adie\/","og_locale":"fr_FR","og_type":"article","og_title":"La SENINTERIM au lancement officiel de la marque SENEGAL NUMERIQUE SA (SENUM) ex ADIE - Sen Interim","og_description":"La SENINTERIM \u00e9tait pr\u00e9sent au lancement officiel de la marque SENEGAL NUMERIQUE SA (SENUM) ex ADIE, pour montrer son soutien.La SENINTERIM est toujours pr\u00eat ACCOMPAGNER ses CLIENTS DANS LA R\u00c9ALISATION DE LEURS PROJETS ET L&rsquo;AM\u00c9LIORATION DE LEURS PRATIQUES.","og_url":"https:\/\/seninterim.sn\/index.php\/2023\/03\/09\/la-seninterim-au-lancement-officiel-de-la-marque-senegal-numerique-sa-senum-ex-adie\/","og_site_name":"Sen Interim","article_publisher":"https:\/\/www.facebook.com\/Senegalinterimaire","article_published_time":"2023-03-09T10:41:44+00:00","article_modified_time":"2023-03-10T09:26:54+00:00","og_image":[{"width":539,"height":617,"url":"https:\/\/seninterim.sn\/wp-content\/uploads\/2023\/03\/img-20230221-wa0000-3.jpg","type":"image\/jpeg"}],"author":"admin8569","twitter_card":"summary_large_image","twitter_creator":"@sen_interim","twitter_site":"@sen_interim","twitter_misc":{"\u00c9crit par":"admin8569","Dur\u00e9e de lecture estim\u00e9e":"1 minute"},"schema":{"@context":"https:\/\/schema.org","@graph":[{"@type":"Article","@id":"https:\/\/seninterim.sn\/index.php\/2023\/03\/09\/la-seninterim-au-lancement-officiel-de-la-marque-senegal-numerique-sa-senum-ex-adie\/#article","isPartOf":{"@id":"https:\/\/seninterim.sn\/index.php\/2023\/03\/09\/la-seninterim-au-lancement-officiel-de-la-marque-senegal-numerique-sa-senum-ex-adie\/"},"author":{"name":"admin8569","@id":"https:\/\/seninterim.sn\/#\/schema\/person\/9fe3368ca8afd4f9d043996713e5217d"},"headline":"La SENINTERIM au lancement officiel de la marque SENEGAL NUMERIQUE SA (SENUM) ex ADIE","datePublished":"2023-03-09T10:41:44+00:00","dateModified":"2023-03-10T09:26:54+00:00","mainEntityOfPage":{"@id":"https:\/\/seninterim.sn\/index.php\/2023\/03\/09\/la-seninterim-au-lancement-officiel-de-la-marque-senegal-numerique-sa-senum-ex-adie\/"},"wordCount":57,"commentCount":0,"publisher":{"@id":"https:\/\/seninterim.sn\/#organization"},"keywords":["SENEGAL NUMERIQUE SA (SENUM) ex ADIE"],"articleSection":["Forum num\u00e9rique"],"inLanguage":"fr-FR","potentialAction":[{"@type":"CommentAction","name":"Comment","target":["https:\/\/seninterim.sn\/index.php\/2023\/03\/09\/la-seninterim-au-lancement-officiel-de-la-marque-senegal-numerique-sa-senum-ex-adie\/#respond"]}]},{"@type":"WebPage","@id":"https:\/\/seninterim.sn\/index.php\/2023\/03\/09\/la-seninterim-au-lancement-officiel-de-la-marque-senegal-numerique-sa-senum-ex-adie\/","url":"https:\/\/seninterim.sn\/index.php\/2023\/03\/09\/la-seninterim-au-lancement-officiel-de-la-marque-senegal-numerique-sa-senum-ex-adie\/","name":"La SENINTERIM au lancement officiel de la marque SENEGAL NUMERIQUE SA (SENUM) ex ADIE - Sen Interim","isPartOf":{"@id":"https:\/\/seninterim.sn\/#website"},"datePublished":"2023-03-09T10:41:44+00:00","dateModified":"2023-03-10T09:26:54+00:00","breadcrumb":{"@id":"https:\/\/seninterim.sn\/index.php\/2023\/03\/09\/la-seninterim-au-lancement-officiel-de-la-marque-senegal-numerique-sa-senum-ex-adie\/#breadcrumb"},"inLanguage":"fr-FR","potentialAction":[{"@type":"ReadAction","target":["https:\/\/seninterim.sn\/index.php\/2023\/03\/09\/la-seninterim-au-lancement-officiel-de-la-marque-senegal-numerique-sa-senum-ex-adie\/"]}]},{"@type":"BreadcrumbList","@id":"https:\/\/seninterim.sn\/index.php\/2023\/03\/09\/la-seninterim-au-lancement-officiel-de-la-marque-senegal-numerique-sa-senum-ex-adie\/#breadcrumb","itemListElement":[{"@type":"ListItem","position":1,"name":"Home","item":"https:\/\/seninterim.sn\/"},{"@type":"ListItem","position":2,"name":"La SENINTERIM au lancement officiel de la marque SENEGAL NUMERIQUE SA (SENUM) ex ADIE"}]},{"@type":"WebSite","@id":"https:\/\/seninterim.sn\/#website","url":"https:\/\/seninterim.sn\/","name":"Sen Interim","description":"Recruter est un plaisir","publisher":{"@id":"https:\/\/seninterim.sn\/#organization"},"potentialAction":[{"@type":"SearchAction","target":{"@type":"EntryPoint","urlTemplate":"https:\/\/seninterim.sn\/?s={search_term_string}"},"query-input":"required name=search_term_string"}],"inLanguage":"fr-FR"},{"@type":"Organization","@id":"https:\/\/seninterim.sn\/#organization","name":"Sen Interim","url":"https:\/\/seninterim.sn\/","logo":{"@type":"ImageObject","inLanguage":"fr-FR","@id":"https:\/\/seninterim.sn\/#\/schema\/logo\/image\/","url":"https:\/\/seninterim.sn\/wp-content\/uploads\/2022\/07\/cropped-cropped-telechargement-removebg-preview.png","contentUrl":"https:\/\/seninterim.sn\/wp-content\/uploads\/2022\/07\/cropped-cropped-telechargement-removebg-preview.png","width":100,"height":100,"caption":"Sen Interim"},"image":{"@id":"https:\/\/seninterim.sn\/#\/schema\/logo\/image\/"},"sameAs":["https:\/\/www.facebook.com\/Senegalinterimaire","https:\/\/twitter.com\/sen_interim"]},{"@type":"Person","@id":"https:\/\/seninterim.sn\/#\/schema\/person\/9fe3368ca8afd4f9d043996713e5217d","name":"admin8569","image":{"@type":"ImageObject","inLanguage":"fr-FR","@id":"https:\/\/seninterim.sn\/#\/schema\/person\/image\/","url":"https:\/\/secure.gravatar.com\/avatar\/7b56fab97e9f9e1d4c2799b917397405830d443145d72d0096d9abc4999ae2b3?s=96&d=mm&r=g","contentUrl":"https:\/\/secure.gravatar.com\/avatar\/7b56fab97e9f9e1d4c2799b917397405830d443145d72d0096d9abc4999ae2b3?s=96&d=mm&r=g","caption":"admin8569"},"sameAs":["https:\/\/seninterim.sn"],"url":"https:\/\/seninterim.sn\/index.php\/author\/admin8569\/"}]}},"_links":{"self":[{"href":"https:\/\/seninterim.sn\/index.php\/wp-json\/wp\/v2\/posts\/5135","targetHints":{"allow":["GET"]}}],"collection":[{"href":"https:\/\/seninterim.sn\/index.php\/wp-json\/wp\/v2\/posts"}],"about":[{"href":"https:\/\/seninterim.sn\/index.php\/wp-json\/wp\/v2\/types\/post"}],"author":[{"embeddable":true,"href":"https:\/\/seninterim.sn\/index.php\/wp-json\/wp\/v2\/users\/1"}],"replies":[{"embeddable":true,"href":"https:\/\/seninterim.sn\/index.php\/wp-json\/wp\/v2\/comments?post=5135"}],"version-history":[{"count":3,"href":"https:\/\/seninterim.sn\/index.php\/wp-json\/wp\/v2\/posts\/5135\/revisions"}],"predecessor-version":[{"id":5186,"href":"https:\/\/seninterim.sn\/index.php\/wp-json\/wp\/v2\/posts\/5135\/revisions\/5186"}],"wp:featuredmedia":[{"embeddable":true,"href":"https:\/\/seninterim.sn\/index.php\/wp-json\/wp\/v2\/media\/5183"}],"wp:attachment":[{"href":"https:\/\/seninterim.sn\/index.php\/wp-json\/wp\/v2\/media?parent=5135"}],"wp:term":[{"taxonomy":"category","embeddable":true,"href":"https:\/\/seninterim.sn\/index.php\/wp-json\/wp\/v2\/categories?post=5135"},{"taxonomy":"post_tag","embeddable":true,"href":"https:\/\/seninterim.sn\/index.php\/wp-json\/wp\/v2\/tags?post=5135"}],"curies":[{"name":"wp","href":"https:\/\/api.w.org\/{rel}","templated":true}]}}